{"id":675,"date":"2023-07-31T13:57:42","date_gmt":"2023-07-31T13:57:42","guid":{"rendered":"https:\/\/www.desdegranada.com\/site\/?p=675"},"modified":"2023-07-31T13:57:42","modified_gmt":"2023-07-31T13:57:42","slug":"un-nuevo-llamado","status":"publish","type":"post","link":"https:\/\/www.desdegranada.com\/site\/?p=675","title":{"rendered":"Un nuevo llamado"},"content":{"rendered":"<p style=\"text-align: justify;\">Por: Climaco Andr\u00e9s Giraldo.<\/p>\n<p style=\"text-align: justify;\">Actualmente no es tan usual encontrar personas con un gusto para las vocaciones eclesiales, ya que culturalmente se ha sesgado a quienes toman el atrevimiento de iniciar en este camino tan fuerte. Son m\u00e1s de nueve a\u00f1os de formaci\u00f3n acad\u00e9mica y un sinn\u00famero de experiencias comunitarias que marcan este proceso, aunque a\u00fan faltan dichas y desdichas, para Adri\u00e1n cada vez se ve m\u00e1s cerca el realizar su prop\u00f3sito, que a la vez pareciera ser el de su creador. Es as\u00ed como con el llamado a la ordenaci\u00f3n diaconal Adri\u00e1n avanza un escal\u00f3n bastante significativo.<\/p>\n<p style=\"text-align: justify;\">\u00c9l es oriundo del municipio de San Vicente de Ferrer y nos cuenta un poco sobre su recorrido, \u201ces un proceso de 9 a\u00f1os de formaci\u00f3n, 1 de proped\u00e9utico, 3 de filosof\u00eda, 4 de teolog\u00eda y 1 a\u00f1o de experiencia pastoral y misi\u00f3n; llevo 8 a\u00f1os y medio, seguir\u00e9 prestando mi servicio pastoral los fines de semana en Granada hasta octubre luego de haber presentado el examen de misa y madurez teol\u00f3gica en el seminario. Mi expectativa es configurarme con Cristo servidor y maestro, prestar mi servicio con todo el cari\u00f1o en la parroquia Santa B\u00e1rbara, bautizando, predicando la Palabra de Dios y proclamando el Evangelio en la caridad a los pobres, bendiciendo, celebrando exequias y siendo testigo id\u00f3neo de los matrimonios.\u201d<\/p>\n<p style=\"text-align: justify;\">El llamado lo hizo monse\u00f1or Fidel Le\u00f3n Cadavid Mar\u00edn obispo de nuestra Di\u00f3cesis de Sons\u00f3n-Rionegro (DIOSONRIO), donde Adri\u00e1n junto con ocho compa\u00f1eros fueron invitados a recibir la ordenaci\u00f3n diaconal. As\u00ed se anunci\u00f3 el pasado martes 25 de julio a trav\u00e9s de las redes sociales de la di\u00f3cesis.<\/p>\n<p style=\"text-align: justify;\"><strong><em>\u00a0<\/em><\/strong><strong><em>\u201cEl que quiera ser el primero, que se haga servidor de todos\u201d (Mateo 20,27)<\/em><\/strong><\/p>\n<p style=\"text-align: justify;\"><strong><em>C<\/em><\/strong><strong><em>on inmensa gratitud a Dios, nuestra di\u00f3cesis se alegra por el llamado al orden sacerdotal, en el grado del diaconado a ocho seminaristas el pr\u00f3ximo s\u00e1bado 5 de agosto en la Cocatedral San Nicol\u00e1s el Magno de Rionegro a las 10:00 a.m.<\/em><\/strong><\/p>\n<p style=\"text-align: justify;\"><strong><em>\u00a1Gracias Se\u00f1or por las Vocaciones!<\/em><\/strong><\/p>\n<p style=\"text-align: justify;\"><strong><em>\u00a0Seguido de este mensaje, figuraban los nombres de los protagonistas. <\/em><\/strong><\/p>\n<p style=\"text-align: justify;\">Como Asociaci\u00f3n para el Desarrollo Cultural de Granada, a ellos les motivamos, sabiendo que en un futuro ser\u00e1n los pastores que se encargar\u00e1n de las diferentes comunidades, confiando en que siendo el mism\u00edsimo Dios quien los ha llamado, no les permitir\u00e1 desfallecer.<\/p>\n","protected":false},"excerpt":{"rendered":"<p style=\"text-align: justify;\">El pr\u00f3ximo s\u00e1bado 5 agosto recibir\u00e1 la ordenaci\u00f3n diaconal el seminarista Edison Adri\u00e1n Mart\u00ednez Mart\u00ednez, quien viene acompa\u00f1ando y sirviendo el ejercicio de evangelizaci\u00f3n en nuestra parroquia los fines de semana.<\/p>\n","protected":false},"author":1,"featured_media":0,"comment_status":"open","ping_status":"open","sticky":false,"template":"","format":"standard","meta":{"footnotes":""},"categories":[20],"tags":[],"class_list":["post-675","post","type-post","status-publish","format-standard","hentry","category-columnistas"],"_links":{"self":[{"href":"https:\/\/www.desdegranada.com\/site\/index.php?rest_route=\/wp\/v2\/posts\/675","targetHints":{"allow":["GET"]}}],"collection":[{"href":"https:\/\/www.desdegranada.com\/site\/index.php?rest_route=\/wp\/v2\/posts"}],"about":[{"href":"https:\/\/www.desdegranada.com\/site\/index.php?rest_route=\/wp\/v2\/types\/post"}],"author":[{"embeddable":true,"href":"https:\/\/www.desdegranada.com\/site\/index.php?rest_route=\/wp\/v2\/users\/1"}],"replies":[{"embeddable":true,"href":"https:\/\/www.desdegranada.com\/site\/index.php?rest_route=%2Fwp%2Fv2%2Fcomments&post=675"}],"version-history":[{"count":0,"href":"https:\/\/www.desdegranada.com\/site\/index.php?rest_route=\/wp\/v2\/posts\/675\/revisions"}],"wp:attachment":[{"href":"https:\/\/www.desdegranada.com\/site\/index.php?rest_route=%2Fwp%2Fv2%2Fmedia&parent=675"}],"wp:term":[{"taxonomy":"category","embeddable":true,"href":"https:\/\/www.desdegranada.com\/site\/index.php?rest_route=%2Fwp%2Fv2%2Fcategories&post=675"},{"taxonomy":"post_tag","embeddable":true,"href":"https:\/\/www.desdegranada.com\/site\/index.php?rest_route=%2Fwp%2Fv2%2Ftags&post=675"}],"curies":[{"name":"wp","href":"https:\/\/api.w.org\/{rel}","templated":true}]}}