{"id":676,"date":"2023-07-31T23:16:03","date_gmt":"2023-07-31T23:16:03","guid":{"rendered":"https:\/\/www.desdegranada.com\/site\/?p=676"},"modified":"2023-07-31T23:16:03","modified_gmt":"2023-07-31T23:16:03","slug":"santa-ana-recibe-a-delegacion-de-italianos-en-mision-de-evangelizacion","status":"publish","type":"post","link":"https:\/\/www.desdegranada.com\/site\/?p=676","title":{"rendered":"Santa Ana recibe a delegaci\u00f3n de italianos en misi\u00f3n de evangelizaci\u00f3n"},"content":{"rendered":"<p style=\"text-align: justify;\">En el marco de esta misi\u00f3n se tienen programadas visitas a las veredas, programas art\u00edsticos y culturales, encuentros con ni\u00f1os, j\u00f3venes y adultos; y por supuesto varios momentos para la reflexi\u00f3n y el fortalecimiento de la fe.<\/p>\n<p style=\"text-align: justify;\">\u201cAgradecemos inmensamente poner los ojos en nuestra comunidad para esta misi\u00f3n, porque sabemos que es Dios, por medio de ustedes, que va a venir a avivarnos la fe y la esperanza en nuestro corregimiento\u201d, manifest\u00f3 el presb\u00edtero Fernando Monsalve, p\u00e1rroco de Santa Ana.<\/p>\n<p style=\"text-align: justify;\"><img loading=\"lazy\" decoding=\"async\" src=\"images\/Misin_Santa_Ana_1.jpg\" alt=\"\" width=\"750\" height=\"439\" \/><\/p>\n<p style=\"text-align: justify;\">La programaci\u00f3n para los d\u00edas martes y mi\u00e9rcoles ser\u00e1 la siguiente:<\/p>\n<p style=\"text-align: justify;\"><strong>Martes 1: <\/strong><\/p>\n<p style=\"text-align: justify;\">9:00 a.m. Salida a visitar los hogares.<br \/> \u00a0\u00a0\u00a0\u00a0\u00a0\u00a0\u00a0\u00a0\u00a0\u00a0 \u00a0\u00a0\u00a0\u00a0\u00a0Visita a la vereda San Francisco.<br \/> 7:00 p.m. Eucarist\u00eda en el Templo.<br \/> 7:45 p.m. Se har\u00e1 la proyecci\u00f3n de un documental que sintetiza la realidad que han atravesado los habitantes de la regi\u00f3n y se contar\u00e1 con la presencia y el testimonio de algunas personas que, en carne propia, han vivido las indolencias de la violencia. Adem\u00e1s, se har\u00e1 un acto por la reconciliaci\u00f3n y la paz del mundo entero.<\/p>\n<p style=\"text-align: justify;\"><img loading=\"lazy\" decoding=\"async\" src=\"images\/Misin_Santa_Ana_2.jpg\" alt=\"\" width=\"750\" height=\"439\" \/><\/p>\n<p style=\"text-align: justify;\"><strong>Mi\u00e9rcoles 2: <\/strong><\/p>\n<p style=\"text-align: justify;\">\u00a0\u00a0\u00a0\u00a0\u00a0\u00a0\u00a0\u00a0\u00a0\u00a0\u00a0 8 a.m. Salida a visitar La Escuela y El Colegio.<br \/> \u00a0\u00a0\u00a0\u00a0\u00a0\u00a0\u00a0\u00a0\u00a0\u00a0\u00a0 5:00 p.m. Eucarist\u00eda de clausura en el Templo.<\/p>\n<p style=\"text-align: justify;\">Para el acto de clausura de la misi\u00f3n, el corregimiento contar\u00e1 con la visita del Obispo, Monse\u00f1or Fidel Le\u00f3n Cadavid Mar\u00edn.<\/p>\n","protected":false},"excerpt":{"rendered":"<p style=\"text-align: justify;\">El pasado domingo llegaron hasta Santa Ana los delegados de la Fundaci\u00f3n Sendas, conformada por nueve j\u00f3venes y un sacerdote, venidos desde Mil\u00e1n, Italia, y quienes estar\u00e1n desarrollando actividades pastorales con la comunidad del corregimiento hasta el pr\u00f3ximo 2 de agosto.<\/p>\n","protected":false},"author":1,"featured_media":0,"comment_status":"open","ping_status":"open","sticky":false,"template":"","format":"standard","meta":{"footnotes":""},"categories":[19],"tags":[],"class_list":["post-676","post","type-post","status-publish","format-standard","hentry","category-noticias"],"_links":{"self":[{"href":"https:\/\/www.desdegranada.com\/site\/index.php?rest_route=\/wp\/v2\/posts\/676","targetHints":{"allow":["GET"]}}],"collection":[{"href":"https:\/\/www.desdegranada.com\/site\/index.php?rest_route=\/wp\/v2\/posts"}],"about":[{"href":"https:\/\/www.desdegranada.com\/site\/index.php?rest_route=\/wp\/v2\/types\/post"}],"author":[{"embeddable":true,"href":"https:\/\/www.desdegranada.com\/site\/index.php?rest_route=\/wp\/v2\/users\/1"}],"replies":[{"embeddable":true,"href":"https:\/\/www.desdegranada.com\/site\/index.php?rest_route=%2Fwp%2Fv2%2Fcomments&post=676"}],"version-history":[{"count":0,"href":"https:\/\/www.desdegranada.com\/site\/index.php?rest_route=\/wp\/v2\/posts\/676\/revisions"}],"wp:attachment":[{"href":"https:\/\/www.desdegranada.com\/site\/index.php?rest_route=%2Fwp%2Fv2%2Fmedia&parent=676"}],"wp:term":[{"taxonomy":"category","embeddable":true,"href":"https:\/\/www.desdegranada.com\/site\/index.php?rest_route=%2Fwp%2Fv2%2Fcategories&post=676"},{"taxonomy":"post_tag","embeddable":true,"href":"https:\/\/www.desdegranada.com\/site\/index.php?rest_route=%2Fwp%2Fv2%2Ftags&post=676"}],"curies":[{"name":"wp","href":"https:\/\/api.w.org\/{rel}","templated":true}]}}