{"id":677,"date":"2023-08-01T14:36:52","date_gmt":"2023-08-01T14:36:52","guid":{"rendered":"https:\/\/www.desdegranada.com\/site\/?p=677"},"modified":"2023-08-01T14:36:52","modified_gmt":"2023-08-01T14:36:52","slug":"ya-se-conocen-los-aspirantes-a-la-alcaldia-el-concejo-municipal-y-la-jal-de-granada","status":"publish","type":"post","link":"https:\/\/www.desdegranada.com\/site\/?p=677","title":{"rendered":"Ya se conocen los aspirantes a la alcald\u00eda, el concejo municipal y la JAL de Granada"},"content":{"rendered":"<p style=\"text-align: justify;\">En esa din\u00e1mica, y de acuerdo a los plazos que establece la Registradur\u00eda Nacional, los granadinos han conocido en las \u00faltimas horas a los aspirantes a los diferentes cargos de elecci\u00f3n popular en el municipio, quienes luego de cumplir con cada uno de los requerimientos legales, se inscribieron en la Registradur\u00eda Municipal.<\/p>\n<p style=\"text-align: justify;\">Ser\u00e1n seis los aspirantes a la alcald\u00eda municipal y 50 los postulados para representar a la totalidad de los habitantes de Granada en el concejo municipal.<\/p>\n<p style=\"text-align: justify;\"><strong><em>Candidatos Alcald\u00eda: <\/em><\/strong><\/p>\n<p style=\"text-align: justify;\">Daniel Andr\u00e9s Hoyos Yepes \u2013 Partido Conservador.<\/p>\n<p style=\"text-align: justify;\">Diego Alejandro Quintero \u2013 Centro Democr\u00e1tico.<\/p>\n<p style=\"text-align: justify;\">Diego G\u00f3mez Garc\u00eda \u2013 Granada Somos Todos.<\/p>\n<p style=\"text-align: justify;\">Nelson Armando Garc\u00eda Amaya \u2013 Fuerza Democr\u00e1tica.<\/p>\n<p style=\"text-align: justify;\">Omar de Jes\u00fas G\u00f3mez Aristiz\u00e1bal \u2013 Partido de la U.<\/p>\n<p style=\"text-align: justify;\">Ra\u00fal Alexander V\u00e9lez Tamayo \u2013 Salvaci\u00f3n Nacional.<\/p>\n<p style=\"text-align: justify;\"><strong><em>Candidatos concejo municipal:<\/em><\/strong><\/p>\n<p style=\"text-align: justify;\">Partido Verde \u2013 7 candidatos.<\/p>\n<p style=\"text-align: justify;\">Centro Democr\u00e1tico \u2013 6 candidatos.<\/p>\n<p style=\"text-align: justify;\">Granada Somos Todos &#8211; 6 candidatos.<\/p>\n<p style=\"text-align: justify;\">Partido Liberal Colombiano \u2013 9 candidatos.<\/p>\n<p style=\"text-align: justify;\">Salvaci\u00f3n Nacional \u2013 5 candidatos.<\/p>\n<p style=\"text-align: justify;\">Nueva Fuerza Democr\u00e1tica \u2013 9 candidatos.<\/p>\n<p style=\"text-align: justify;\">Partido Conservador &#8211; 9 candidatos.<\/p>\n<p style=\"text-align: justify;\">Tambi\u00e9n se postularon, para conformar la Junta Administradora Local JAL en el corregimiento de Santa Ana, cinco aspirantes por el Partido Verde y cinco m\u00e1s por el Partido Conservador. Hasta el pr\u00f3ximo 6 de agosto el Consejo Nacional Electoral llevar\u00e1 a cabo la revisi\u00f3n de los documentos presentados por los aspirantes a los distintos cargos para validar o no su postulaci\u00f3n.<\/p>\n<p style=\"text-align: justify;\">Ahora como electores nos corresponde la tarea de evaluar con detenimiento cada uno de los programas de gobierno y propuestas que ponen en consideraci\u00f3n los diferentes candidatos, para as\u00ed elegir la opci\u00f3n m\u00e1s conveniente para el municipio pensando en un desarrollo integral.<\/p>\n","protected":false},"excerpt":{"rendered":"<p style=\"text-align: justify;\">Se acerca la hora definitiva para elegir a los pr\u00f3ximos l\u00edderes que guiar\u00e1n los destinos de los municipios y departamentos del pa\u00eds con el prop\u00f3sito de encausarlos en la senda del desarrollo. De la misma manera, en los comicios del mes de octubre, se elegir\u00e1 a los concejales que los acompa\u00f1ar\u00e1n en su gesti\u00f3n.<\/p>\n","protected":false},"author":1,"featured_media":0,"comment_status":"open","ping_status":"open","sticky":false,"template":"","format":"standard","meta":{"footnotes":""},"categories":[19],"tags":[],"class_list":["post-677","post","type-post","status-publish","format-standard","hentry","category-noticias"],"_links":{"self":[{"href":"https:\/\/www.desdegranada.com\/site\/index.php?rest_route=\/wp\/v2\/posts\/677","targetHints":{"allow":["GET"]}}],"collection":[{"href":"https:\/\/www.desdegranada.com\/site\/index.php?rest_route=\/wp\/v2\/posts"}],"about":[{"href":"https:\/\/www.desdegranada.com\/site\/index.php?rest_route=\/wp\/v2\/types\/post"}],"author":[{"embeddable":true,"href":"https:\/\/www.desdegranada.com\/site\/index.php?rest_route=\/wp\/v2\/users\/1"}],"replies":[{"embeddable":true,"href":"https:\/\/www.desdegranada.com\/site\/index.php?rest_route=%2Fwp%2Fv2%2Fcomments&post=677"}],"version-history":[{"count":0,"href":"https:\/\/www.desdegranada.com\/site\/index.php?rest_route=\/wp\/v2\/posts\/677\/revisions"}],"wp:attachment":[{"href":"https:\/\/www.desdegranada.com\/site\/index.php?rest_route=%2Fwp%2Fv2%2Fmedia&parent=677"}],"wp:term":[{"taxonomy":"category","embeddable":true,"href":"https:\/\/www.desdegranada.com\/site\/index.php?rest_route=%2Fwp%2Fv2%2Fcategories&post=677"},{"taxonomy":"post_tag","embeddable":true,"href":"https:\/\/www.desdegranada.com\/site\/index.php?rest_route=%2Fwp%2Fv2%2Ftags&post=677"}],"curies":[{"name":"wp","href":"https:\/\/api.w.org\/{rel}","templated":true}]}}