{"id":678,"date":"2023-08-02T15:38:38","date_gmt":"2023-08-02T15:38:38","guid":{"rendered":"https:\/\/www.desdegranada.com\/site\/?p=678"},"modified":"2023-08-02T15:38:38","modified_gmt":"2023-08-02T15:38:38","slug":"isa-giraldo-le-garantiza-unas-unas-hermosas-y-un-rato-de-risas","status":"publish","type":"post","link":"https:\/\/www.desdegranada.com\/site\/?p=678","title":{"rendered":"Isa Giraldo, le garantiza unas u\u00f1as hermosas y un rato de risas."},"content":{"rendered":"<p style=\"text-align: justify;\">Por: Maria Londo\u00f1o.<\/p>\n<p style=\"text-align: justify;\">Durante tres a\u00f1os labor\u00f3 los domingos en un sal\u00f3n de belleza y sin salirse de la l\u00ednea Fashions, esa que las mujeres amamos, luego inici\u00f3 a trabajar con su hermana medio tiempo en el almac\u00e9n de ropa y el otro tiempo lo dedicaba a su pasi\u00f3n, esa que inici\u00f3 desde muy peque\u00f1a con los barnices que su madre le compraba o los que se auto prestaba de sus hermanas, y con los que relata se pintaba hasta los dedos porque se com\u00eda las u\u00f1as.\u00a0<\/p>\n<p style=\"text-align: justify;\">A los seis meses decidi\u00f3 darle alas a su sue\u00f1o, crear su propio spa. Coordina su sonrisa, el brillo en su mirada y expresa que es muy feliz realizando esta labor; s\u00f3lo hay que mirarla en acci\u00f3n para ser testigo de su experiencia, perfecci\u00f3n y creatividad que le pone para dejar hermosas las u\u00f1as de sus clientas. Llena de orgullo menciona que todo ha sido emp\u00edrico, hasta que lleg\u00f3 el maquillaje semi permanente, en el cual s\u00ed se capacit\u00f3 y el que ha sido el \u201cboom\u201d para sus clientas.<\/p>\n<p style=\"text-align: justify;\"><img loading=\"lazy\" decoding=\"async\" src=\"images\/Isa_nails.jpg\" alt=\"\" width=\"750\" height=\"439\" \/><\/p>\n<p style=\"text-align: justify;\">Despertar y saber que durante el trascurso del d\u00eda vamos a realizar lo que amamos, ya es una bendici\u00f3n, \u201crealmente a m\u00ed lo que m\u00e1s me gusta de mi trabajo es cuando termino de hacer unas u\u00f1as ver la cara de felicidad de mis clientas, que las u\u00f1as le quedaron muy bonitas, como ellas las quer\u00edan o tambi\u00e9n cuando vienen a los veinte d\u00edas, al mes, el esmalte en medio u\u00f1a, y son, Isa llevo mucho tiempo con el esmalte, pero no se me ha levantado, yo soy la mujer mas feliz del mundo haciendo u\u00f1as\u201d. \u00a0<\/p>\n<p style=\"text-align: justify;\">No es un secreto que muchos j\u00f3venes quisieran emigrar del campo para la ciudad buscando mejores oportunidades, pero este no es el caso de Isa, a ella cuando le hablan de este pedacito de cielo se le ilumina el alma, \u201clo que m\u00e1s me gusta de mi vereda, que fue donde yo crec\u00ed, es la tranquilidad que uno encuentra; yo soy muy feliz en el campo, me encanta ver los atardeceres, admirar el cielo, es m\u00e1s quisiera en alg\u00fan momento de mi vida poder vivir en la finca y poder seguir trabajando\u201d.<\/p>\n<p style=\"text-align: justify;\">Los sue\u00f1os, la proyecci\u00f3n, es quiz\u00e1s ese aliciente al despertar de cada ma\u00f1ana, \u201cen lo que yo quisiera especializarme m\u00e1s es en el acr\u00edlico, me encanta trabajarlo, es una t\u00e9cnica s\u00faper bonita y quisiera perfeccionarme much\u00edsimo m\u00e1s y poderle brindar ese conocimiento a much\u00edsimas ni\u00f1as\u201d.<\/p>\n","protected":false},"excerpt":{"rendered":"<p style=\"text-align: justify;\">De la cuenca de San Mat\u00edas, la que adorna sus monta\u00f1as con surcos de zanahoria, papa, entre otras hortalizas que con sus colores diversifican el paisaje, ese que oxigena de aire puro lo pulmones de Isa. El campo, la familia, la cicla y el amor por su oficio son la gasolina que llenan el tanque de motivaci\u00f3n de esta joven que desde los catorce a\u00f1os decidi\u00f3 buscar una fuente de empleo en lo que le apasiona, embelleciendo las u\u00f1as de sus clientas.<\/p>\n","protected":false},"author":1,"featured_media":0,"comment_status":"open","ping_status":"open","sticky":false,"template":"","format":"standard","meta":{"footnotes":""},"categories":[20],"tags":[],"class_list":["post-678","post","type-post","status-publish","format-standard","hentry","category-columnistas"],"_links":{"self":[{"href":"https:\/\/www.desdegranada.com\/site\/index.php?rest_route=\/wp\/v2\/posts\/678","targetHints":{"allow":["GET"]}}],"collection":[{"href":"https:\/\/www.desdegranada.com\/site\/index.php?rest_route=\/wp\/v2\/posts"}],"about":[{"href":"https:\/\/www.desdegranada.com\/site\/index.php?rest_route=\/wp\/v2\/types\/post"}],"author":[{"embeddable":true,"href":"https:\/\/www.desdegranada.com\/site\/index.php?rest_route=\/wp\/v2\/users\/1"}],"replies":[{"embeddable":true,"href":"https:\/\/www.desdegranada.com\/site\/index.php?rest_route=%2Fwp%2Fv2%2Fcomments&post=678"}],"version-history":[{"count":0,"href":"https:\/\/www.desdegranada.com\/site\/index.php?rest_route=\/wp\/v2\/posts\/678\/revisions"}],"wp:attachment":[{"href":"https:\/\/www.desdegranada.com\/site\/index.php?rest_route=%2Fwp%2Fv2%2Fmedia&parent=678"}],"wp:term":[{"taxonomy":"category","embeddable":true,"href":"https:\/\/www.desdegranada.com\/site\/index.php?rest_route=%2Fwp%2Fv2%2Fcategories&post=678"},{"taxonomy":"post_tag","embeddable":true,"href":"https:\/\/www.desdegranada.com\/site\/index.php?rest_route=%2Fwp%2Fv2%2Ftags&post=678"}],"curies":[{"name":"wp","href":"https:\/\/api.w.org\/{rel}","templated":true}]}}