{"id":679,"date":"2023-08-02T21:10:59","date_gmt":"2023-08-02T21:10:59","guid":{"rendered":"https:\/\/www.desdegranada.com\/site\/?p=679"},"modified":"2023-08-02T21:10:59","modified_gmt":"2023-08-02T21:10:59","slug":"con-una-copa-amarga-llegan-rigoberto-daza-y-los-federales-de-colombia-a-las-emisoras-de-antioquia-y-el-pais","status":"publish","type":"post","link":"https:\/\/www.desdegranada.com\/site\/?p=679","title":{"rendered":"Con \u2018Una copa amarga\u2019 llegan Rigoberto Daza y Los Federales de Colombia a las emisoras de Antioquia y el pa\u00eds"},"content":{"rendered":"<p style=\"text-align: justify;\">Por: Emerson Vergara, locutor Granada Stereo.<\/p>\n<p style=\"text-align: justify;\">De la vereda Sardina Grande del municipio de San Carlos, Oriente antioque\u00f1o, Rigoberto es el menor de los 15 hijos nacidos en la familia Daza Buitrago que conformaron sus padres Jos\u00e9 Dolores Daza y Ana Rosa Buitrago. De ascendencia de m\u00fasicos y cantantes, hicieron que Rigoberto siguiera ese mismo rumbo al igual que todos sus hermanos, pues la mayor\u00eda de ellos son m\u00fasicos, cantantes, compositores y arreglistas.<\/p>\n<p style=\"text-align: justify;\">Ha participado en concursos muy importantes. Siendo muy joven hizo parte del reconocido grupo musical Los Jilgueros del Campo, mismo al que pertenec\u00edan sus hermanos y con el que dieron a conocer \u00e9xitos musicales como \u2018ni parientes somos\u2019 y \u2018moneda sin valor\u2019, entre otros.<\/p>\n<p style=\"text-align: justify;\"><img loading=\"lazy\" decoding=\"async\" src=\"images\/Rigoberto_Daza.jpg\" alt=\"\" width=\"750\" height=\"439\" \/><\/p>\n<p style=\"text-align: justify;\">Despu\u00e9s de algunos a\u00f1os creo su propio proyecto que lleva como nombre Los Federales de Colombia. As\u00ed es como Rigoberto Daza se destaca hoy como fundador, pero es adem\u00e1s compositor, arreglista y ejecuta algunos instrumentos como el bajo, la bater\u00eda, la guitarra, el g\u00fciro y, por supuesto, la voz principal de Los Federales de Colombia.<\/p>\n<p style=\"text-align: justify;\">Sus tarimas hacen que el show de los Federales de Colombia sea todo un deleite para quienes los ven y escuchan, pues desde sus corazones brindan todo, para que el p\u00fablico se lleve lo mejor de ellos.<\/p>\n<p style=\"text-align: justify;\">Hoy en d\u00eda Rigoberto Daza se proyecta en el g\u00e9nero popular, ranchero y corridos como una de las grandes voces, siendo los Federales de Colombia, una de las agrupaciones m\u00e1s escuchadas en el oriente antioque\u00f1o. Con su \u00faltimo lanzamiento \u2018una copa amarga\u2019, canci\u00f3n que viene sonando fuerte en las diferentes emisoras del pa\u00eds, seguir\u00e1 llenado de m\u00fasica nuestras emisoras. \u00c9xitos a los Federales de Colombia y a Rigoberto Daza, cantante del Oriente antioque\u00f1o.<\/p>\n<p>\u00a0<\/p>\n","protected":false},"excerpt":{"rendered":"<p style=\"text-align: justify;\">Con canciones como un amor en la calle, vivo como un rey, a mi pueblo querido, mientras viva, en horas de oficina y una lista de \u00e9xitos que contin\u00faa, brilla el proyecto musical de Los Federales de Colombia, que con su voz l\u00edder Rigoberto Daza, se dio a conocer en el mercado musical.<\/p>\n","protected":false},"author":1,"featured_media":0,"comment_status":"open","ping_status":"open","sticky":false,"template":"","format":"standard","meta":{"footnotes":""},"categories":[20],"tags":[],"class_list":["post-679","post","type-post","status-publish","format-standard","hentry","category-columnistas"],"_links":{"self":[{"href":"https:\/\/www.desdegranada.com\/site\/index.php?rest_route=\/wp\/v2\/posts\/679","targetHints":{"allow":["GET"]}}],"collection":[{"href":"https:\/\/www.desdegranada.com\/site\/index.php?rest_route=\/wp\/v2\/posts"}],"about":[{"href":"https:\/\/www.desdegranada.com\/site\/index.php?rest_route=\/wp\/v2\/types\/post"}],"author":[{"embeddable":true,"href":"https:\/\/www.desdegranada.com\/site\/index.php?rest_route=\/wp\/v2\/users\/1"}],"replies":[{"embeddable":true,"href":"https:\/\/www.desdegranada.com\/site\/index.php?rest_route=%2Fwp%2Fv2%2Fcomments&post=679"}],"version-history":[{"count":0,"href":"https:\/\/www.desdegranada.com\/site\/index.php?rest_route=\/wp\/v2\/posts\/679\/revisions"}],"wp:attachment":[{"href":"https:\/\/www.desdegranada.com\/site\/index.php?rest_route=%2Fwp%2Fv2%2Fmedia&parent=679"}],"wp:term":[{"taxonomy":"category","embeddable":true,"href":"https:\/\/www.desdegranada.com\/site\/index.php?rest_route=%2Fwp%2Fv2%2Fcategories&post=679"},{"taxonomy":"post_tag","embeddable":true,"href":"https:\/\/www.desdegranada.com\/site\/index.php?rest_route=%2Fwp%2Fv2%2Ftags&post=679"}],"curies":[{"name":"wp","href":"https:\/\/api.w.org\/{rel}","templated":true}]}}