{"id":681,"date":"2023-08-05T20:00:02","date_gmt":"2023-08-05T20:00:02","guid":{"rendered":"https:\/\/www.desdegranada.com\/site\/?p=681"},"modified":"2023-08-05T20:00:02","modified_gmt":"2023-08-05T20:00:02","slug":"no-queremos-que-se-llame-retornar-es-vivir","status":"publish","type":"post","link":"https:\/\/www.desdegranada.com\/site\/?p=681","title":{"rendered":"No queremos que se llame \u201cRetornar es vivir\u201d"},"content":{"rendered":"<p style=\"text-align: justify;\">Por: Jeison A. Giraldo.<\/p>\n<p style=\"text-align: justify;\">Pacho Casta\u00f1o, o \u2018Pacho Mentiras\u2019 para referenciarlo mejor, me abord\u00f3 un d\u00eda y me dijo \u201cMazamorro, all\u00e1 en las casas de la manga del municipio esta viviendo gente. No tienen energ\u00eda, no tienen agua, no tienen parab\u00f3lica. Solo tienen tel\u00e9fono y lo cargan en el bolsillo\u201d.<\/p>\n<p style=\"text-align: justify;\">Yo cre\u00ed que era una de sus mentiras, como cuando dijo que en Venezuela hab\u00edan quemado 200 colombianos, y despu\u00e9s dijo que los hab\u00edan quemado porque era que ya se los hab\u00edan le\u00eddo. O cuando me dijo que si quer\u00eda ir a charlar con Carlitos el relojero, ten\u00eda que ir al negocio antes de las 4 de la tarde porque el viejo se va a esa hora para la vereda Las Vegas, porque seg\u00fan Pacho, a Carlitos le estaban desviando la quebrada y ten\u00eda que ir a celar.<\/p>\n<p style=\"text-align: justify;\"><img loading=\"lazy\" decoding=\"async\" src=\"images\/Retornar_es_vivir_1.jpg\" alt=\"\" width=\"750\" height=\"439\" \/><\/p>\n<p style=\"text-align: justify;\">Pero no, se trata del tan famoso proyecto Retornar es Vivir, que se comenz\u00f3 a ejecutar desde hace varios a\u00f1os y que esta ubicado en la antigua Manga del Municipio, en la salida hacia San Carlos, y aunque ya han pasado varios mandatarios, ninguno ha sido capaz de entregarlo.<\/p>\n<p style=\"text-align: justify;\">\u201cAl principio nos hac\u00edan reuniones y nos llenaban de esperanza, nosotros ten\u00edamos la ilusi\u00f3n de habitar la casa. Recuerdo que en una de las muchas reuniones que hicieron, nos dieron un llavero, lo cual lo vimos como una burla y les dijimos que nosotros para que eso, que nosotros lo que quer\u00edamos era la casa\u201d, me cont\u00f3 Alberto con una cara resignada, una que ya no tiene tiempo de pensar en ese mal rato.<\/p>\n<p style=\"text-align: justify;\">Las casas adem\u00e1s de en forma esquel\u00e9tica, tambi\u00e9n las encontraron saqueadas, porque entre otras cosas, los borrachos aprovecharon la situaci\u00f3n para ir y hacer sus fechor\u00edas all\u00e1, aprovecharon para armar camas improvisadas y hasta lograron sacar contadores, lavamanos y ba\u00f1os. De algunas casas a Alberto le toc\u00f3 sacar incluso botellas de cerveza.<\/p>\n<p style=\"text-align: justify;\">Al pobre Cusumbo le ha tocado liderar convites para hacer zanjas porque algunas casas se estaban inundando, adem\u00e1s le toc\u00f3 ayudar a cambiar la red de tuber\u00eda que les pusieron para que llegara el agua a las casas, porque la que les pusieron inicialmente era muy deplorable; todo esto porque \u00e9l entiende de construcci\u00f3n y fue quien revoc\u00f3 su casa y la de algunos vecinos.\u00a0<\/p>\n<p style=\"text-align: justify;\"><img loading=\"lazy\" decoding=\"async\" src=\"images\/Retornar_es_vivir_2.jpg\" alt=\"\" width=\"750\" height=\"439\" \/><\/p>\n<p style=\"text-align: justify;\">Junto con \u00e9l, han sido ya 7 familias las que se han sumado a esta aventura. Son unas casas que no han necesitado una cinta y la presencia de personas importantes para poder ser inauguradas. \u201cYo me puse a pensar que con la plata que yo pagaba el arriendo, con eso iba a comprar cosas para terminar de arreglar la m\u00eda\u201d dice Alberto Giraldo, quien adem\u00e1s me cont\u00f3 que le toc\u00f3 salirse de trabajar en el carro que conduc\u00eda para poder hacerle frente al trabajo.<\/p>\n<p style=\"text-align: justify;\">Alberto \u201cCusumbo\u201d, como l\u00edder del sector, ha pensado seriamente en cambiarle el nombre \u201cporque retornar es vivir, ese ya nos tiene cansados\u201d,<\/p>\n<p style=\"text-align: justify;\">La culminaci\u00f3n de las casas se ha hecho posible por el propio bolsillo de los beneficiarios, pero se conoce la historia de algunos vecinos que han sido apadrinados por personas pudientes del pueblo que se han puesto a ver la situaci\u00f3n y apoyan con recursos a aquellos que no tienen con que hacerle los \u00faltimos ajustes a sus hogares.<\/p>\n<p style=\"text-align: justify;\">Hoy aunque todav\u00eda falta mucho por ajustar, los habitantes de ese sector no ven la hora de tener al 100% sus casas y hacer realidad el sue\u00f1o de todos los que una vez pensaron que \u201cRetornar es vivir\u201d.<\/p>\n<p>\u00a0<\/p>\n<p>\u00a0<\/p>\n","protected":false},"excerpt":{"rendered":"<p style=\"text-align: justify;\">Al mejor estilo de un hombre aventurero, \u2018granadino berraco\u2019, como dice Aloncito Giraldo por los alto parlantes del templo parroquial, un d\u00eda cualquiera y cansado de escuchar las promesas incumplidas por parte de la administraci\u00f3n municipal representada en los diferentes mandatarios que la han encabezado desde hace ya varios a\u00f1os, Alberto Giraldo, conocido popularmente como \u2018Cusumbo\u2019, decidi\u00f3 irse a vivir con su familia a su casa ubicada en La Manga del Municipio, que todav\u00eda est\u00e1 en forma esquel\u00e9tica o en el lenguaje de los maestros de construcci\u00f3n: en obra negra.<\/p>\n","protected":false},"author":1,"featured_media":0,"comment_status":"open","ping_status":"open","sticky":false,"template":"","format":"standard","meta":{"footnotes":""},"categories":[20],"tags":[],"class_list":["post-681","post","type-post","status-publish","format-standard","hentry","category-columnistas"],"_links":{"self":[{"href":"https:\/\/www.desdegranada.com\/site\/index.php?rest_route=\/wp\/v2\/posts\/681","targetHints":{"allow":["GET"]}}],"collection":[{"href":"https:\/\/www.desdegranada.com\/site\/index.php?rest_route=\/wp\/v2\/posts"}],"about":[{"href":"https:\/\/www.desdegranada.com\/site\/index.php?rest_route=\/wp\/v2\/types\/post"}],"author":[{"embeddable":true,"href":"https:\/\/www.desdegranada.com\/site\/index.php?rest_route=\/wp\/v2\/users\/1"}],"replies":[{"embeddable":true,"href":"https:\/\/www.desdegranada.com\/site\/index.php?rest_route=%2Fwp%2Fv2%2Fcomments&post=681"}],"version-history":[{"count":0,"href":"https:\/\/www.desdegranada.com\/site\/index.php?rest_route=\/wp\/v2\/posts\/681\/revisions"}],"wp:attachment":[{"href":"https:\/\/www.desdegranada.com\/site\/index.php?rest_route=%2Fwp%2Fv2%2Fmedia&parent=681"}],"wp:term":[{"taxonomy":"category","embeddable":true,"href":"https:\/\/www.desdegranada.com\/site\/index.php?rest_route=%2Fwp%2Fv2%2Fcategories&post=681"},{"taxonomy":"post_tag","embeddable":true,"href":"https:\/\/www.desdegranada.com\/site\/index.php?rest_route=%2Fwp%2Fv2%2Ftags&post=681"}],"curies":[{"name":"wp","href":"https:\/\/api.w.org\/{rel}","templated":true}]}}