{"id":682,"date":"2023-08-08T21:33:27","date_gmt":"2023-08-08T21:33:27","guid":{"rendered":"https:\/\/www.desdegranada.com\/site\/?p=682"},"modified":"2023-08-08T21:33:27","modified_gmt":"2023-08-08T21:33:27","slug":"el-salon-de-clases-de-mazamorro","status":"publish","type":"post","link":"https:\/\/www.desdegranada.com\/site\/?p=682","title":{"rendered":"El sal\u00f3n de clases de Mazamorro"},"content":{"rendered":"<p style=\"text-align: justify;\">Por: Jeison A. Giraldo.<\/p>\n<p style=\"text-align: justify;\">El sonido en los salones es el mismo de hace 14 a\u00f1os. Aunque pase el tiempo, los muchachos siempre van a realizar los mismos ruidos, es el ambiente del aula de clases que no deja de ser el m\u00e1s lindo recuerdo para quienes un d\u00eda fuimos al colegio de Granada.<\/p>\n<p style=\"text-align: justify;\">De tantas an\u00e9cdotas del colegio recuerdo a Juli\u00e1n V\u00e9lez aleg\u00e1ndole a Guillermo Castrill\u00f3n porque, junto con Jost\u00edn, ten\u00edan una guerra casada con los de sexto y se tiraban baldados de agua.<\/p>\n<p style=\"text-align: justify;\">Al profesor Abraham Posada que, en su corto paso por el colegio, logr\u00f3 impactar de forma jocosa a todos sus alumnos. Ten\u00eda un tono de voz bastante agudo y un d\u00eda por decir Zanahoria, dijo \u201cZarahonia\u201d o cuando le dijo a David Villamil que era un bu\u00f1uelero.<\/p>\n<p style=\"text-align: justify;\">A Diana Tob\u00f3n, que por cari\u00f1o le dec\u00edamos \u201cLa Popis\u201d, una profesora amiga, cuando Willinton Alonso Arias Ceballos le preguntaba: \u201cprofe \u00bfa qu\u00e9 horas salimos?\u201d ella le contestaba: \u201ca lo que toquen el timbre mi amor, o hasta que horas lo dejaron quedar?\u201d.<\/p>\n<p style=\"text-align: justify;\">Como les digo, Diana fue una profesora amiga que nunca vamos a olvidar. Una vez Harol, Jostin, Sebast\u00edan Parra, el conocido popularmente \u201cT\u00edo Floro\u201d, y yo est\u00e1bamos en un grupo, y la profe nos vio muy encarretados charlando sobre f\u00fatbol, entonces ir\u00f3nicamente nos pregunt\u00f3: \u201cmis amores \u00bfles traigo tinto?\u201d y T\u00edo Floro le contest\u00f3: \u201ccon tres de az\u00facar\u201d.<\/p>\n<p style=\"text-align: justify;\"><img loading=\"lazy\" decoding=\"async\" src=\"images\/El_saln_de_Mazamorro_1.jpg\" alt=\"\" width=\"750\" height=\"439\" \/><\/p>\n<p style=\"text-align: justify;\">Yeison Duque, al que le decimos \u201cTodomundo\u201d se iba para el ba\u00f1o y mientras orinaba, gritaba: \u201cGracias, gracias Dios por darme un pipi por donde botar los miaos\u201d.<\/p>\n<p style=\"text-align: justify;\">Arlen David Cardona, fue un compa\u00f1ero muy inteligente\u2026 de los mejores. Ten\u00eda un estribillo y cada rato lo repet\u00eda: \u201cfelices pascuas\u201d. Era un gam\u00edn completo. Victor Mario Suarez casi se va de para atr\u00e1s un d\u00eda que pas\u00f3 por cada puesto revisando la tarea de geometr\u00eda y cuando lleg\u00f3 al puesto de Arlen vio una carta que dec\u00eda: \u201cArlen estuvo aqu\u00ed\u201d.<\/p>\n<p style=\"text-align: justify;\">Mientras tanto, Arlen estar\u00eda escondido en el cuarto de aseo del sal\u00f3n, donde hay varias traperas viejas y oliendo feo porque del af\u00e1n por irse r\u00e1pido, los estudiantes las dejaban sin lavar.<\/p>\n<p style=\"text-align: justify;\">La hermana Socorro es una mujer de coraz\u00f3n noble, llevaba caramelos y nosotros le ped\u00edamos fiado, ni con buen comportamiento pagamos esa deuda \u00a1Eavemaria!<\/p>\n<p style=\"text-align: justify;\">Do\u00f1a Carlota nos repet\u00eda \u201cmuy bonitos, muy bonitos\u201d porque cuando se estaba demorando para llegar al sal\u00f3n, nosotros \u00edbamos y nos pon\u00edamos a esperarla en los corredores y agregaba: \u00a1los mismos de siempre!<\/p>\n<p style=\"text-align: justify;\">A don Roberto me parece verlo parado en la puerta del sal\u00f3n, mostrando en su brazo el reloj imaginario diciendo: \u201cjoven, estas no son horas de llegar\u201d. Una vez escrib\u00ed vaca con B y entonces me dice, \u201cque pena joven, pero hasta donde yo s\u00e9 vaca no se escribe as\u00ed\u201d. No se preocupe, don Roberto \u2013 contest\u00e9 &#8211; esa vaca no come pasto.<\/p>\n<p style=\"text-align: justify;\"><img loading=\"lazy\" decoding=\"async\" src=\"images\/El_saln_de_Mazamorro_2.jpg\" alt=\"\" width=\"750\" height=\"439\" \/><\/p>\n<p style=\"text-align: justify;\">Don Ram\u00f3n en el homenaje a la bandera, nos hizo repetir el himno antioque\u00f1o porque en vez de \u00a1Oh libertad! Gritamos \u00a1Oh Nacional! Es m\u00e1s, todav\u00eda lo escucho decir: \u201ca m\u00ed no me van a pasar por la galleta. Yo tambi\u00e9n soy muy hincha de Nacional, pero eso dej\u00e9moslo para el estadio, ac\u00e1 no. Lo vamos a volver a repetir y al que vea gritando lo que no es, se va conmigo para coordinaci\u00f3n\u201d.<\/p>\n<p style=\"text-align: justify;\">Del cuarto de hora de lectura tengo dos. Una vez que me cogi\u00f3 la tarde, y don Cesar se hacia en la porter\u00eda a registrar a todos los que llegaban despu\u00e9s del toque. Entonces yo me iba a seguir derecho, y don Cesar me dice: Yeison \u00bfpara d\u00f3nde va? Para el sal\u00f3n don Cesar, y me dijo: \u201cvenga yo lo registro\u201d y le dije no se\u00f1or, yo no llegu\u00e9 tarde. En estos momentos todo el estudiantado est\u00e1 leyendo y le mostr\u00e9 mi libro que ven\u00eda leyendo desde el granero \u201cEl Tigre\u201d ,que queda a una cuadra antes de llegar al colegio.<\/p>\n<p style=\"text-align: justify;\">Do\u00f1a Patricia estaba con nosotros en el cuarto de hora de lectura y por los parlantes del colegio ponen m\u00fasica instrumental mientras tanto. Un d\u00eda son\u00f3 la instrumental de \u201cEgoismo\u201d, una canci\u00f3n llanera toda bonita, y mientras todo el colegio estaba en silencio yo grit\u00e9:<\/p>\n<p style=\"text-align: justify;\">\u266b En silencio<\/p>\n<p style=\"text-align: justify;\">Eh sufrido tantas penas<\/p>\n<p style=\"text-align: justify;\">Por ser mi alma tan buena<\/p>\n<p style=\"text-align: justify;\">Y no poderla controlar. \u266a<\/p>\n<p style=\"text-align: justify;\">Do\u00f1a Patricia me escuch\u00f3 y me puso observaci\u00f3n.<\/p>\n<p style=\"text-align: justify;\"><img loading=\"lazy\" decoding=\"async\" src=\"images\/El_saln_de_Mazamorro_3.jpg\" alt=\"\" width=\"750\" height=\"439\" \/><\/p>\n<p style=\"text-align: justify;\">Hoy a pocos d\u00edas del encuentro de ex alumnos de INEJAGO, sigo completamente convencido que la \u00e9poca del colegio es la mejor. Para m\u00ed fue un tiempo de aprendizaje y tranquilidad; en mi bolso siempre hab\u00edan un poco de cuadernos sin tareas, y aunque me duele recordar la cara de tristeza de mi santa madre cada que recib\u00eda las notas del colegio, si volviera al colegio tratar\u00eda de hacer todas estas y otras travesuras, porque entre otras cosas de eso se trata la \u00e9poca estudiantil.<\/p>\n<p style=\"text-align: justify;\">Hoy con mucho cari\u00f1o recuerdo a Willy, Escudero, Paloma, Torito, Arlen, Jost\u00edn, Ganza, Wilson, que fueron mis compa\u00f1eros durante la \u00e9poca estudiantil y no fuimos capaces de pasar de s\u00e9ptimo. Pr\u00e1cticamente unos compa\u00f1eros eternos, cosa que si se hace una novela con todas estas an\u00e9cdotas, todos ellos ser\u00edan los protagonistas.<\/p>\n<p>\u00a0<\/p>\n<p>\u00a0<\/p>\n<p>\u00a0<\/p>\n<p>\u00a0<\/p>\n<p>\u00a0<\/p>\n","protected":false},"excerpt":{"rendered":"<p style=\"text-align: justify;\">Cuando se me presenta la oportunidad de asistir al colegio a realizar alg\u00fan reporte para la emisora o simplemente para adelantar una diligencia, se me vienen a la mente un mont\u00f3n de escenas bonitas, recuerdos hermosos de los cuales no tengo fotos, pero anhelo con mucho cari\u00f1o volver a vivir.<\/p>\n","protected":false},"author":1,"featured_media":0,"comment_status":"open","ping_status":"open","sticky":false,"template":"","format":"standard","meta":{"footnotes":""},"categories":[20],"tags":[],"class_list":["post-682","post","type-post","status-publish","format-standard","hentry","category-columnistas"],"_links":{"self":[{"href":"https:\/\/www.desdegranada.com\/site\/index.php?rest_route=\/wp\/v2\/posts\/682","targetHints":{"allow":["GET"]}}],"collection":[{"href":"https:\/\/www.desdegranada.com\/site\/index.php?rest_route=\/wp\/v2\/posts"}],"about":[{"href":"https:\/\/www.desdegranada.com\/site\/index.php?rest_route=\/wp\/v2\/types\/post"}],"author":[{"embeddable":true,"href":"https:\/\/www.desdegranada.com\/site\/index.php?rest_route=\/wp\/v2\/users\/1"}],"replies":[{"embeddable":true,"href":"https:\/\/www.desdegranada.com\/site\/index.php?rest_route=%2Fwp%2Fv2%2Fcomments&post=682"}],"version-history":[{"count":0,"href":"https:\/\/www.desdegranada.com\/site\/index.php?rest_route=\/wp\/v2\/posts\/682\/revisions"}],"wp:attachment":[{"href":"https:\/\/www.desdegranada.com\/site\/index.php?rest_route=%2Fwp%2Fv2%2Fmedia&parent=682"}],"wp:term":[{"taxonomy":"category","embeddable":true,"href":"https:\/\/www.desdegranada.com\/site\/index.php?rest_route=%2Fwp%2Fv2%2Fcategories&post=682"},{"taxonomy":"post_tag","embeddable":true,"href":"https:\/\/www.desdegranada.com\/site\/index.php?rest_route=%2Fwp%2Fv2%2Ftags&post=682"}],"curies":[{"name":"wp","href":"https:\/\/api.w.org\/{rel}","templated":true}]}}