{"id":683,"date":"2023-08-11T20:11:57","date_gmt":"2023-08-11T20:11:57","guid":{"rendered":"https:\/\/www.desdegranada.com\/site\/?p=683"},"modified":"2023-08-11T20:11:57","modified_gmt":"2023-08-11T20:11:57","slug":"una-feria-de-flores-creativa-y-diferente","status":"publish","type":"post","link":"https:\/\/www.desdegranada.com\/site\/?p=683","title":{"rendered":"Una feria de flores creativa y diferente"},"content":{"rendered":"<p style=\"text-align: justify;\">Por: Emerson Vergara, locutor Granada Stereo.<\/p>\n<p style=\"text-align: justify;\">Y es que conciertos con grandes artistas, visitas a las fincas en Santa Elena, las famosas fondas de mi pueblo, y desfiles como los ya tradicionales de autos cl\u00e1sicos y de silleteros, que se convierten en los eventos m\u00e1s destacados de dicha festividad, re\u00fanen a propios y extra\u00f1os, nacionales y extranjeros que ven en esta feria la oportunidad de realizar turismo recreativo y de encontrar espacios para conocer y compartir con familiares y amigos.<\/p>\n<p style=\"text-align: justify;\"><img loading=\"lazy\" decoding=\"async\" src=\"images\/Da_Antioqueidad_2.jpg\" alt=\"\" width=\"750\" height=\"439\" \/><\/p>\n<p style=\"text-align: justify;\">Granada no se queda atr\u00e1s y se contagia de esta gran feria. Eso s\u00ed, la vive a su manera.<\/p>\n<p style=\"text-align: justify;\">Con una actividad l\u00fadica y did\u00e1ctica, la Instituci\u00f3n Educativa Jorge Alberto G\u00f3mez G\u00f3mez INEJAGO, sede Jes\u00fas Mar\u00eda Yepes de primaria, le ha venido apostando a la tradici\u00f3n antioque\u00f1a con un desfile muy parecido al que se vive en la feria de flores, pero con sus particularidades.<\/p>\n<p style=\"text-align: justify;\">Y es que en Granada el peri\u00f3dico viejo, el papel iris, el colb\u00f3n y las tijeras se convierten en flores como los crisantemos, gladiolos, girasoles, orqu\u00eddeas, tulipanes y claveles; y nuestras salas, los comedores y hasta los cuartos de nuestras casas, se asemejan a las famosas fincas en donde se realizan las silletas coloridas para sacar a relucir la creatividad de estudiantes y padres de familia.<\/p>\n<p style=\"text-align: justify;\"><img loading=\"lazy\" decoding=\"async\" src=\"images\/Da_Antioqueidad_1.jpg\" alt=\"\" width=\"750\" height=\"439\" \/><\/p>\n<p style=\"text-align: justify;\">El desfile de autos antiguos es otra de esas actividades que se han replicado con \u00e9xito, y eso que los padres de familia nos vemos a gatas muchas veces por las exigencias de nuestros hijos, pues autos tradicionales como el Ford, el Volkswagen, el Mustang entre otros, se convierten en el de Barbie, Los Magn\u00edficos y hasta el Batimovil y el bus de Flota Granada, todos hechos de cart\u00f3n y que adornan el recorrido.<\/p>\n<p style=\"text-align: justify;\">Este 11 de agosto, desde muy temprano, los ni\u00f1os de la Instituci\u00f3n se engalanaron para la ocasi\u00f3n, y con sus trajes tradicionales de campesinos y campesinas, obreros de minas y hasta representaci\u00f3n de los mitos y leyendas m\u00e1s conocidos, engalanaron las calles de Granada, transmitiendo a los transe\u00fantes la identidad y cultura de nuestros pueblos, en este caso Granada, pero sobre todo\u00a0 lo que es ser \u00a0un buen antioque\u00f1o.<\/p>\n","protected":false},"excerpt":{"rendered":"<p style=\"text-align: justify;\">Por estos d\u00edas se realiz\u00f3 en la ciudad de Medell\u00edn una de las fiestas tradicionales m\u00e1s importantes del pa\u00eds, la famosa feria de las flores.<\/p>\n","protected":false},"author":1,"featured_media":0,"comment_status":"open","ping_status":"open","sticky":false,"template":"","format":"standard","meta":{"footnotes":""},"categories":[20],"tags":[],"class_list":["post-683","post","type-post","status-publish","format-standard","hentry","category-columnistas"],"_links":{"self":[{"href":"https:\/\/www.desdegranada.com\/site\/index.php?rest_route=\/wp\/v2\/posts\/683","targetHints":{"allow":["GET"]}}],"collection":[{"href":"https:\/\/www.desdegranada.com\/site\/index.php?rest_route=\/wp\/v2\/posts"}],"about":[{"href":"https:\/\/www.desdegranada.com\/site\/index.php?rest_route=\/wp\/v2\/types\/post"}],"author":[{"embeddable":true,"href":"https:\/\/www.desdegranada.com\/site\/index.php?rest_route=\/wp\/v2\/users\/1"}],"replies":[{"embeddable":true,"href":"https:\/\/www.desdegranada.com\/site\/index.php?rest_route=%2Fwp%2Fv2%2Fcomments&post=683"}],"version-history":[{"count":0,"href":"https:\/\/www.desdegranada.com\/site\/index.php?rest_route=\/wp\/v2\/posts\/683\/revisions"}],"wp:attachment":[{"href":"https:\/\/www.desdegranada.com\/site\/index.php?rest_route=%2Fwp%2Fv2%2Fmedia&parent=683"}],"wp:term":[{"taxonomy":"category","embeddable":true,"href":"https:\/\/www.desdegranada.com\/site\/index.php?rest_route=%2Fwp%2Fv2%2Fcategories&post=683"},{"taxonomy":"post_tag","embeddable":true,"href":"https:\/\/www.desdegranada.com\/site\/index.php?rest_route=%2Fwp%2Fv2%2Ftags&post=683"}],"curies":[{"name":"wp","href":"https:\/\/api.w.org\/{rel}","templated":true}]}}