{"id":684,"date":"2023-08-18T17:33:54","date_gmt":"2023-08-18T17:33:54","guid":{"rendered":"https:\/\/www.desdegranada.com\/site\/?p=684"},"modified":"2023-08-18T17:33:54","modified_gmt":"2023-08-18T17:33:54","slug":"atencion-quedaron-definidas-las-posiciones-en-el-tarjeton-de-los-candidatos-y-movimientos-politicos-para-las-elecciones-del-mes-de-octubre","status":"publish","type":"post","link":"https:\/\/www.desdegranada.com\/site\/?p=684","title":{"rendered":"\u00a1Atenci\u00f3n! Quedaron definidas las posiciones en el tarjet\u00f3n de los candidatos y movimientos pol\u00edticos \u00a0para las elecciones del mes de octubre"},"content":{"rendered":"<p style=\"text-align: justify;\"><img loading=\"lazy\" decoding=\"async\" src=\"images\/Posiciones_2023_3.png\" width=\"750\" height=\"439\" \/><\/p>\n<p style=\"text-align: justify;\">Para la Junta Administradora Local, que se elegir\u00e1 en el corregimiento de Santa Ana, la lista del Partido Alianza Verde qued\u00f3 en la primera posici\u00f3n, mientras que la del Partido Conservador Colombiano ocup\u00f3 el segundo lugar. El recuadro para el voto en blanco estar\u00e1 en la parte inferior del tarjet\u00f3n.<\/p>\n<p style=\"text-align: justify;\"><img loading=\"lazy\" decoding=\"async\" src=\"images\/Posiciones_2023_2.png\" alt=\"\" width=\"750\" height=\"439\" \/><\/p>\n<p style=\"text-align: justify;\">Las listas para el concejo municipal quedaron ubicadas en el siguiente orden:<\/p>\n<ol style=\"text-align: justify;\">\n<li>Partido Alianza Verde.<\/li>\n<li>Granada Somos Todos.<\/li>\n<li>Movimiento Salvaci\u00f3n Nacional.<\/li>\n<li>Partido Liberal Colombiano.<\/li>\n<li>Partido Centro Democr\u00e1tico.<\/li>\n<li>Nueva Fuerza Democr\u00e1tica<\/li>\n<li>Partido Conservador Colombiano.<\/li>\n<li>Voto en Blanco.<\/li>\n<\/ol>\n<p style=\"text-align: justify;\"><img loading=\"lazy\" decoding=\"async\" src=\"images\/Posiciones_2023_1.png\" alt=\"\" width=\"750\" height=\"439\" \/><\/p>\n<p style=\"text-align: justify;\">Finalmente, los aspirantes a la alcald\u00eda municipal de Granada, quedaron en el siguiente orden:<\/p>\n<ol style=\"text-align: justify;\">\n<li>Daniel Andr\u00e9s Hoyos Yepes, Partido Conservador Colombiano.<\/li>\n<li>Omar de Jes\u00fas G\u00f3mez Aristiz\u00e1bal, Partido de la U.<\/li>\n<li>Nelson Armando Garc\u00eda Amaya, Nueva Fuerza Democr\u00e1tica.<\/li>\n<li>Diego Hernando G\u00f3mez Garc\u00eda, Granada Somos Todos.<\/li>\n<li>Ra\u00fal Alexander V\u00e9lez Tamayo, Movimiento Salvaci\u00f3n Nacional.<\/li>\n<li>Diego Alejandro Quintero Giraldo, Partido Centro Democr\u00e1tico.<\/li>\n<li>Voto en blanco.<\/li>\n<\/ol>\n<p style=\"text-align: justify;\">De esta manera, queda definido el orden de cada uno de los movimientos pol\u00edticos y candidatos a la alcald\u00eda municipal, aunque se pueden presentar modificaciones en el dise\u00f1o del tarjet\u00f3n. El sorteo termin\u00f3 con la firma del acta por parte de los representantes de cada uno de los partidos, adem\u00e1s de la Registradur\u00eda, la Personer\u00eda y la Polic\u00eda Nacional.<\/p>\n","protected":false},"excerpt":{"rendered":"<p style=\"text-align: justify;\">Este viernes en la oficina municipal de la Registradur\u00eda, y con presencia de las autoridades locales y representaci\u00f3n de cada uno de los partidos que aspiran a los diferentes cargos de elecci\u00f3n popular en Granada para el periodo 2024 \u2013 2027, se llev\u00f3 a cabo el sorteo para definir las posiciones que ocupar\u00e1n en el tarjet\u00f3n cada una de las listas a la Junta Administradora Local -JAC-, el concejo municipal y los candidatos a la alcald\u00eda.<\/p>\n","protected":false},"author":1,"featured_media":0,"comment_status":"open","ping_status":"open","sticky":false,"template":"","format":"standard","meta":{"footnotes":""},"categories":[19],"tags":[],"class_list":["post-684","post","type-post","status-publish","format-standard","hentry","category-noticias"],"_links":{"self":[{"href":"https:\/\/www.desdegranada.com\/site\/index.php?rest_route=\/wp\/v2\/posts\/684","targetHints":{"allow":["GET"]}}],"collection":[{"href":"https:\/\/www.desdegranada.com\/site\/index.php?rest_route=\/wp\/v2\/posts"}],"about":[{"href":"https:\/\/www.desdegranada.com\/site\/index.php?rest_route=\/wp\/v2\/types\/post"}],"author":[{"embeddable":true,"href":"https:\/\/www.desdegranada.com\/site\/index.php?rest_route=\/wp\/v2\/users\/1"}],"replies":[{"embeddable":true,"href":"https:\/\/www.desdegranada.com\/site\/index.php?rest_route=%2Fwp%2Fv2%2Fcomments&post=684"}],"version-history":[{"count":0,"href":"https:\/\/www.desdegranada.com\/site\/index.php?rest_route=\/wp\/v2\/posts\/684\/revisions"}],"wp:attachment":[{"href":"https:\/\/www.desdegranada.com\/site\/index.php?rest_route=%2Fwp%2Fv2%2Fmedia&parent=684"}],"wp:term":[{"taxonomy":"category","embeddable":true,"href":"https:\/\/www.desdegranada.com\/site\/index.php?rest_route=%2Fwp%2Fv2%2Fcategories&post=684"},{"taxonomy":"post_tag","embeddable":true,"href":"https:\/\/www.desdegranada.com\/site\/index.php?rest_route=%2Fwp%2Fv2%2Ftags&post=684"}],"curies":[{"name":"wp","href":"https:\/\/api.w.org\/{rel}","templated":true}]}}