{"id":686,"date":"2023-08-22T15:29:29","date_gmt":"2023-08-22T15:29:29","guid":{"rendered":"https:\/\/www.desdegranada.com\/site\/?p=686"},"modified":"2023-08-22T15:29:29","modified_gmt":"2023-08-22T15:29:29","slug":"celebracion-de-la-semana-ambiental-una-estrategia-para-educar-sobre-el-cuidado-del-medio-ambiente","status":"publish","type":"post","link":"https:\/\/www.desdegranada.com\/site\/?p=686","title":{"rendered":"Celebraci\u00f3n de la semana ambiental, una estrategia para educar sobre el cuidado del medio ambiente"},"content":{"rendered":"<p style=\"text-align: justify;\">Reciclar es una de las invitaciones puntuales y no solo para esta semana, la idea es que haciendo uso de los pl\u00e1sticos que llegan al hogar, llenemos una botella pl\u00e1stica, y mientras ayudas en el cuidado del planeta podr\u00e1s participar llev\u00e1ndola a la alcald\u00eda, donde se premiar\u00e1 la que tenga mayor peso.<\/p>\n<p style=\"text-align: justify;\"><img loading=\"lazy\" decoding=\"async\" src=\"images\/Semana_ambiental_2.jpg\" alt=\"\" width=\"750\" height=\"439\" \/><\/p>\n<p style=\"text-align: justify;\">Tips del cuidado del agua, de la energ\u00eda, charlas educativas y programas radiales har\u00e1n parte de la programaci\u00f3n de la semana ambiental.<\/p>\n","protected":false},"excerpt":{"rendered":"<p style=\"text-align: justify;\">Como una iniciativa para conservar el ecosistema o la conocida casa com\u00fan, la Administraci\u00f3n Municipal y la Empresa de Servicios P\u00fablicos lideran la realizaci\u00f3n de la semana ambiental, bajo el lema #MarcaLaDiferencia y que contar\u00e1 con programaci\u00f3n para todos los p\u00fablicos, iniciando con los estudiantes de INEJAGO.<\/p>\n","protected":false},"author":1,"featured_media":0,"comment_status":"open","ping_status":"open","sticky":false,"template":"","format":"standard","meta":{"footnotes":""},"categories":[19],"tags":[],"class_list":["post-686","post","type-post","status-publish","format-standard","hentry","category-noticias"],"_links":{"self":[{"href":"https:\/\/www.desdegranada.com\/site\/index.php?rest_route=\/wp\/v2\/posts\/686","targetHints":{"allow":["GET"]}}],"collection":[{"href":"https:\/\/www.desdegranada.com\/site\/index.php?rest_route=\/wp\/v2\/posts"}],"about":[{"href":"https:\/\/www.desdegranada.com\/site\/index.php?rest_route=\/wp\/v2\/types\/post"}],"author":[{"embeddable":true,"href":"https:\/\/www.desdegranada.com\/site\/index.php?rest_route=\/wp\/v2\/users\/1"}],"replies":[{"embeddable":true,"href":"https:\/\/www.desdegranada.com\/site\/index.php?rest_route=%2Fwp%2Fv2%2Fcomments&post=686"}],"version-history":[{"count":0,"href":"https:\/\/www.desdegranada.com\/site\/index.php?rest_route=\/wp\/v2\/posts\/686\/revisions"}],"wp:attachment":[{"href":"https:\/\/www.desdegranada.com\/site\/index.php?rest_route=%2Fwp%2Fv2%2Fmedia&parent=686"}],"wp:term":[{"taxonomy":"category","embeddable":true,"href":"https:\/\/www.desdegranada.com\/site\/index.php?rest_route=%2Fwp%2Fv2%2Fcategories&post=686"},{"taxonomy":"post_tag","embeddable":true,"href":"https:\/\/www.desdegranada.com\/site\/index.php?rest_route=%2Fwp%2Fv2%2Ftags&post=686"}],"curies":[{"name":"wp","href":"https:\/\/api.w.org\/{rel}","templated":true}]}}