{"id":71,"date":"2019-07-24T07:38:33","date_gmt":"2019-07-24T07:38:33","guid":{"rendered":"https:\/\/www.desdegranada.com\/site\/?p=71"},"modified":"2019-07-24T07:38:33","modified_gmt":"2019-07-24T07:38:33","slug":"140-ninos-recibieron-coleccion-de-libros-de-la-fundacion-nacional-batuta-y-el-ministerio-de-cultura","status":"publish","type":"post","link":"https:\/\/www.desdegranada.com\/site\/?p=71","title":{"rendered":"140 ni\u00f1os recibieron colecci\u00f3n de libros de la Fundaci\u00f3n Nacional Batuta y el Ministerio de Cultura."},"content":{"rendered":"<p style=\"text-align: justify;\">\u201cQueremos llevar a los ni\u00f1os de una manera pedag\u00f3gica, l\u00fadica a que piensen, a que imaginen, porque el mundo de la lectura permite a los ni\u00f1os conocer, aprender, pueden ser mejores estudiantes, aprender para la vida. Lo que queremos es que el ni\u00f1o tenga sus libros, son 6 libros para que los aprovechen\u201d. Expres\u00f3 Dar\u00edo Giraldo Zuluaga, Auxiliar Administrativo del centro musical Batuta.<\/p>\n<p style=\"text-align: justify;\"><img loading=\"lazy\" decoding=\"async\" src=\"images\/libros_batuta_2019_2.jpg\" width=\"744\" height=\"435\" \/><\/p>\n<p style=\"text-align: justify;\">De una manera din\u00e1mica se socializ\u00f3 con los ni\u00f1os algunas de las historias que podr\u00e1n disfrutar sumergi\u00e9ndose en la lectura, \u201cesta iniciativa de llevarles libros a los ni\u00f1os la hacemos para que ellos aprendan de historia, biolog\u00eda, todos estos temas en una literatura c\u00f3moda para los infantes\u00bb, manifest\u00f3 David Restrepo, promotor de lectura de la casa de la cultura.<\/p>\n<p style=\"text-align: justify;\"><img loading=\"lazy\" decoding=\"async\" src=\"images\/libros_batuta_2019_3.jpg\" alt=\"\" width=\"744\" height=\"435\" \/><\/p>\n<p style=\"text-align: justify;\">\u201cHoy aprendimos, conocimos sobre libros, nos contaron sobre las aventuras de naricita, estuvo muy bueno porque nos los interpretaron, pudimos leer nosotros un pedacito, un p\u00e1rrafo\u2026 ese cuento trataba sobre una ni\u00f1a que viv\u00eda con su abuela y su t\u00eda Anastasia, su t\u00eda le hizo una mu\u00f1equita\u201d \u2026 Relata con emoci\u00f3n Melissa Jaramillo Maya, beneficiara de la colecci\u00f3n de libros.<\/p>\n<p style=\"text-align: justify;\">\u00a0<\/p>\n","protected":false},"excerpt":{"rendered":"<p style=\"text-align: justify;\">La Fundaci\u00f3n Nacional Batuta en convenio con el Ministerio de Cultura entreg\u00f3 a 30 ni\u00f1os de la zona urbana, 84 de la vereda El Ed\u00e9n y 34 de la vereda La Honda una nueva colecci\u00f3n de libros, son seis novelas literarias de las que podr\u00e1n disfrutar, historia, bilog\u00eda, cuentos animados, entre otras narraciones; el objetivo es que los ni\u00f1os fortalezcan el h\u00e1bito de la lectura, pongan en pr\u00e1ctica su imaginaci\u00f3n y creatividad.<\/p>\n","protected":false},"author":1,"featured_media":0,"comment_status":"open","ping_status":"open","sticky":false,"template":"","format":"standard","meta":{"footnotes":""},"categories":[19],"tags":[],"class_list":["post-71","post","type-post","status-publish","format-standard","hentry","category-noticias"],"_links":{"self":[{"href":"https:\/\/www.desdegranada.com\/site\/index.php?rest_route=\/wp\/v2\/posts\/71","targetHints":{"allow":["GET"]}}],"collection":[{"href":"https:\/\/www.desdegranada.com\/site\/index.php?rest_route=\/wp\/v2\/posts"}],"about":[{"href":"https:\/\/www.desdegranada.com\/site\/index.php?rest_route=\/wp\/v2\/types\/post"}],"author":[{"embeddable":true,"href":"https:\/\/www.desdegranada.com\/site\/index.php?rest_route=\/wp\/v2\/users\/1"}],"replies":[{"embeddable":true,"href":"https:\/\/www.desdegranada.com\/site\/index.php?rest_route=%2Fwp%2Fv2%2Fcomments&post=71"}],"version-history":[{"count":0,"href":"https:\/\/www.desdegranada.com\/site\/index.php?rest_route=\/wp\/v2\/posts\/71\/revisions"}],"wp:attachment":[{"href":"https:\/\/www.desdegranada.com\/site\/index.php?rest_route=%2Fwp%2Fv2%2Fmedia&parent=71"}],"wp:term":[{"taxonomy":"category","embeddable":true,"href":"https:\/\/www.desdegranada.com\/site\/index.php?rest_route=%2Fwp%2Fv2%2Fcategories&post=71"},{"taxonomy":"post_tag","embeddable":true,"href":"https:\/\/www.desdegranada.com\/site\/index.php?rest_route=%2Fwp%2Fv2%2Ftags&post=71"}],"curies":[{"name":"wp","href":"https:\/\/api.w.org\/{rel}","templated":true}]}}