{"id":727,"date":"2023-11-09T22:12:27","date_gmt":"2023-11-09T22:12:27","guid":{"rendered":"https:\/\/www.desdegranada.com\/site\/?p=727"},"modified":"2023-11-09T22:12:27","modified_gmt":"2023-11-09T22:12:27","slug":"isabella-guarin-ve-reflejado-su-esfuerzo-y-disciplina-al-ser-preseleccionada-para-integrar-la-tricolor","status":"publish","type":"post","link":"https:\/\/www.desdegranada.com\/site\/?p=727","title":{"rendered":"Isabella Guar\u00edn, ve reflejado su esfuerzo y disciplina al ser preseleccionada para integrar la tricolor"},"content":{"rendered":"<p style=\"text-align: justify;\">Por: Maria Londo\u00f1o.<\/p>\n<p style=\"text-align: justify;\">A Isabella Guar\u00edn, me la imagino como a todos los ni\u00f1os que a la edad de 6 &#8211; 7 a\u00f1os llegan de la escuela y que casi ni tiempo tienen de almorzar porque son incontables los procesos culturales a los que asisten, \u201ccuando yo era peque\u00f1a practicaba de todo, estaba en teatro, pintura, en otros deportes, patinaje, pero realmente ver todo mi entorno tan apasionado a esto me hizo amarlo y quedarme en \u00e9l\u201d.<\/p>\n<p style=\"text-align: justify;\">La constancia y la disciplina le han permitido representar a Granada en diferentes torneos, vestir la camiseta de Antioquia y so\u00f1ar con hacer parte de la tricolor, \u201cahora que estoy en un proceso de pre Selecci\u00f3n Colombia y que veo que es posible logar much\u00edsimas m\u00e1s cosas a partir de esto, me siento muy feliz\u201d.<\/p>\n<p style=\"text-align: justify;\"><img loading=\"lazy\" decoding=\"async\" src=\"images\/Isabela_Guarn_1.jpg\" alt=\"\" width=\"750\" height=\"439\" \/><\/p>\n<p style=\"text-align: justify;\">El baloncesto no solamente ha sido un proceso de formaci\u00f3n en lo deportivo, sus compa\u00f1eras y entrenadores son los primeros en alentar cuando los resultados no son favorables, \u201cadem\u00e1s de ser una deportista, el baloncesto me ha ense\u00f1ado a ser persona\u201d.<\/p>\n<p style=\"text-align: justify;\">Su madre, Yolanda, es otra apasionada por el deporte de la pelota naranja, \u201cmis pap\u00e1s en el proceso han sido piezas fundamentales, sobre todo mi mam\u00e1, porque fue ella quien me ense\u00f1\u00f3 y me inculco el amor por este deporte\u201d.<\/p>\n<p style=\"text-align: justify;\"><img loading=\"lazy\" decoding=\"async\" src=\"images\/Isabela_Guarn_2.jpg\" alt=\"\" width=\"750\" height=\"439\" \/><\/p>\n<p style=\"text-align: justify;\">Sentirse afortunado del lugar en donde naci\u00f3, es com\u00fan en los granadinos \u201cme gusta este municipio, me siento muy orgullosa de ser granadina, porque llegar a una Selecci\u00f3n Antioquia y luego a una pre Selecci\u00f3n Colombia y decir yo vengo de un pueblo, y lo que m\u00e1s enorgullece es el carisma de la gente, lo capaces que somos de salir adelante a pesar de las circunstancias, que es gente que siente por los dem\u00e1s\u2026\u201d.<\/p>\n<p style=\"text-align: justify;\">Isabella, sin duda es un referente para los ni\u00f1os que, como ella, les apasiona el baloncesto \u201cyo le quiero decir a todos los ni\u00f1os que crean en ellos, que luchen por sus sue\u00f1os, que se esfuercen por ser felices, por hacer eso que les gusta apasionadamente\u201d.<\/p>\n","protected":false},"excerpt":{"rendered":"<p style=\"text-align: justify;\">Desde los 6 a\u00f1os las canchas se convirtieron en su segundo hogar, y en este proceso Marina Jim\u00e9nez sembr\u00f3 las semillitas, \u201cella cre\u00f3 los fundamentos del b\u00e1squet en m\u00ed, le cog\u00ed much\u00edsimo amor y empec\u00e9 a verlo como una manera recreativa, no dimensionaba hasta donde pod\u00eda llegar\u201d.<\/p>\n","protected":false},"author":1,"featured_media":0,"comment_status":"open","ping_status":"open","sticky":false,"template":"","format":"standard","meta":{"footnotes":""},"categories":[20],"tags":[],"class_list":["post-727","post","type-post","status-publish","format-standard","hentry","category-columnistas"],"_links":{"self":[{"href":"https:\/\/www.desdegranada.com\/site\/index.php?rest_route=\/wp\/v2\/posts\/727","targetHints":{"allow":["GET"]}}],"collection":[{"href":"https:\/\/www.desdegranada.com\/site\/index.php?rest_route=\/wp\/v2\/posts"}],"about":[{"href":"https:\/\/www.desdegranada.com\/site\/index.php?rest_route=\/wp\/v2\/types\/post"}],"author":[{"embeddable":true,"href":"https:\/\/www.desdegranada.com\/site\/index.php?rest_route=\/wp\/v2\/users\/1"}],"replies":[{"embeddable":true,"href":"https:\/\/www.desdegranada.com\/site\/index.php?rest_route=%2Fwp%2Fv2%2Fcomments&post=727"}],"version-history":[{"count":0,"href":"https:\/\/www.desdegranada.com\/site\/index.php?rest_route=\/wp\/v2\/posts\/727\/revisions"}],"wp:attachment":[{"href":"https:\/\/www.desdegranada.com\/site\/index.php?rest_route=%2Fwp%2Fv2%2Fmedia&parent=727"}],"wp:term":[{"taxonomy":"category","embeddable":true,"href":"https:\/\/www.desdegranada.com\/site\/index.php?rest_route=%2Fwp%2Fv2%2Fcategories&post=727"},{"taxonomy":"post_tag","embeddable":true,"href":"https:\/\/www.desdegranada.com\/site\/index.php?rest_route=%2Fwp%2Fv2%2Ftags&post=727"}],"curies":[{"name":"wp","href":"https:\/\/api.w.org\/{rel}","templated":true}]}}