{"id":728,"date":"2023-11-15T20:29:05","date_gmt":"2023-11-15T20:29:05","guid":{"rendered":"https:\/\/www.desdegranada.com\/site\/?p=728"},"modified":"2023-11-15T20:29:05","modified_gmt":"2023-11-15T20:29:05","slug":"diego-gomez-el-mocho-y-el-ejemplo-de-que-no-hay-limites-para-logar-lo-que-se-quiere","status":"publish","type":"post","link":"https:\/\/www.desdegranada.com\/site\/?p=728","title":{"rendered":"Diego G\u00f3mez \u201cEl Mocho\u201d y el ejemplo de que no hay l\u00edmites para logar lo que se quiere"},"content":{"rendered":"<p>Por: maria Londo\u00f1o.<\/p>\n<p>En la barra de su bar La Cl\u00ednica, se devuelve un poco en el tiempo y se detiene en una de las \u00e9pocas que m\u00e1s recuerdos nos trae, la del colegio, y menciona que su esp\u00edritu emprendedor naci\u00f3 all\u00ed, \u201ccuando de una u otra manera se me presentaban tantas dificultades, una de ellas era mi brazo, mi discapacidad, donde yo a corta edad sent\u00eda que no pod\u00eda ser alguien en la vida\u201d. \u00a0\u00a0<\/p>\n<p>Es com\u00fan que en el colegio y hasta en\u00a0 la universidad\u00a0 que algunos estudiantes lleven dulces a vender a la instituci\u00f3n, \u201cyo sent\u00eda la necesidad de hacer algo, no s\u00f3lo de ir a estudiar sino de tener esa verraquera y empuje de costearme mis propias cosas\u201d, y cuenta que los domingueros que le daban, los ahorraba y con este dinero compraba mecato para vender, \u201cincluso mi pap\u00e1 ten\u00eda una f\u00e1brica de bolis y me daba un paquetico para que lo vendiera, ese fue mi primer emprendimiento y mis ganas de salir a camellar y salir adelante\u201d.<\/p>\n<p><img loading=\"lazy\" decoding=\"async\" src=\"images\/Diego_Mocho_1.jpg\" alt=\"\" width=\"750\" height=\"439\" \/><\/p>\n<p>A su corta edad son varios los oficios que ha desempe\u00f1ado: conductor de moto carro, recuerda que tambi\u00e9n trabajo en el bar Otra Parte, conductor de maquinaria pesada, y finalizando la lista, menciona dejando salir una sonrisa, \u201cen el centro bulti\u00e9, vend\u00ed \u00e1rboles de navidad, he hecho de todo\u201d.<\/p>\n<p>Tal vez muchos de los amigos, de los clientes de \u201cEl Mocho\u201d recuerden los inicios del bar La Cl\u00ednica, en el que el carrito de fritos hacia parte del paisaje \u201cyo comenc\u00e9 a vender papitas fritas ac\u00e1 afuera y comenc\u00e9 a ver que me llegaba mucha gente, y una persona una vez me dijo, Diego usted por qu\u00e9 no monta un barcito, yo le voy a prestar la platica, y comenc\u00e9 con poquitico y el negocio empez\u00f3 a moverse y a los cuatro meses ya hab\u00eda para pagarle al muchacho que me prest\u00f3 la plata\u201d.<\/p>\n<p>Otro de sus hobbies y que lo realiza a la perfecci\u00f3n es conducir moto, en la que se desplaza a visitar otro de sus amores. Mientras coge unas zanahorias, menciona \u201cme encantan los caballos, vengo les doy bocadillo, panela, les hago melote. Para m\u00ed es relajarme, estar con ellos me hace muy feliz\u201d.<\/p>\n<p><img loading=\"lazy\" decoding=\"async\" src=\"images\/Diego_Mocho_2.jpg\" alt=\"\" width=\"750\" height=\"439\" \/><\/p>\n<p>El sentido de pertenencia es algo que llevamos arraigado en lo m\u00e1s profundo de las ra\u00edces, \u201cpara mi Granada lo es todo, yo a Granada la amo, siento que es como esa casita en la que uno siempre quiere estar\u201d.<\/p>\n<p>Sin duda, Diego es de esas personas que se convierten en un espejo, que motivan a seguir adelante, \u201ccreo que soy una persona ejemplo de superaci\u00f3n porque me he esforzado mucho para salir adelante, para tener lo que quiero y es una invitaci\u00f3n a todas esas personas con o sin discapacidad a que se esmeren por las cositas que quieren, que trabajen, es que no es una mano, un pie, es usted, es su forma de pensar, y ver\u00e1 que todo lo pueden lograr\u201d. \u00a0<\/p>\n","protected":false},"excerpt":{"rendered":"<p>En repetidas ocasiones hemos escuchado que de las adversidades nacen oportunidades, y para constatarlo, s\u00f3lo basta con escuchar a Diego G\u00f3mez, \u201cEl Mocho\u201d como tal vez es m\u00e1s conocido.<\/p>\n","protected":false},"author":1,"featured_media":0,"comment_status":"open","ping_status":"open","sticky":false,"template":"","format":"standard","meta":{"footnotes":""},"categories":[20],"tags":[],"class_list":["post-728","post","type-post","status-publish","format-standard","hentry","category-columnistas"],"_links":{"self":[{"href":"https:\/\/www.desdegranada.com\/site\/index.php?rest_route=\/wp\/v2\/posts\/728","targetHints":{"allow":["GET"]}}],"collection":[{"href":"https:\/\/www.desdegranada.com\/site\/index.php?rest_route=\/wp\/v2\/posts"}],"about":[{"href":"https:\/\/www.desdegranada.com\/site\/index.php?rest_route=\/wp\/v2\/types\/post"}],"author":[{"embeddable":true,"href":"https:\/\/www.desdegranada.com\/site\/index.php?rest_route=\/wp\/v2\/users\/1"}],"replies":[{"embeddable":true,"href":"https:\/\/www.desdegranada.com\/site\/index.php?rest_route=%2Fwp%2Fv2%2Fcomments&post=728"}],"version-history":[{"count":0,"href":"https:\/\/www.desdegranada.com\/site\/index.php?rest_route=\/wp\/v2\/posts\/728\/revisions"}],"wp:attachment":[{"href":"https:\/\/www.desdegranada.com\/site\/index.php?rest_route=%2Fwp%2Fv2%2Fmedia&parent=728"}],"wp:term":[{"taxonomy":"category","embeddable":true,"href":"https:\/\/www.desdegranada.com\/site\/index.php?rest_route=%2Fwp%2Fv2%2Fcategories&post=728"},{"taxonomy":"post_tag","embeddable":true,"href":"https:\/\/www.desdegranada.com\/site\/index.php?rest_route=%2Fwp%2Fv2%2Ftags&post=728"}],"curies":[{"name":"wp","href":"https:\/\/api.w.org\/{rel}","templated":true}]}}