{"id":729,"date":"2023-11-17T16:36:55","date_gmt":"2023-11-17T16:36:55","guid":{"rendered":"https:\/\/www.desdegranada.com\/site\/?p=729"},"modified":"2023-11-17T16:36:55","modified_gmt":"2023-11-17T16:36:55","slug":"el-trabajo-de-raul","status":"publish","type":"post","link":"https:\/\/www.desdegranada.com\/site\/?p=729","title":{"rendered":"El trabajo de Ra\u00fal"},"content":{"rendered":"<p style=\"text-align: justify;\">Por:\u00a0Jeison A. Giraldo.<\/p>\n<p style=\"text-align: justify;\">Jes\u00fas fue un verdadero l\u00edder, le lav\u00f3 los pies a sus disc\u00edpulos, y nos ense\u00f1\u00f3 a vivir la vida antes de darla por nosotros.<\/p>\n<p style=\"text-align: justify;\">\u00bfQu\u00e9 pensar\u00e1 Ra\u00fal Esteban al ver que le hago un simil con aquel hombre del que hablan los evangelios? No es para tanto y no es una comparaci\u00f3n, pero s\u00ed es\u00a0algo bonito lo que hace \u00e9l de\u00a0imitar acciones de\u00a0la vida del maestro, de Jesucristo.<\/p>\n<p style=\"text-align: justify;\">Yo ya se lo he dicho a \u00e9l y hoy quiero hacerlo p\u00fablico porque me parece importante reconocer toda su labor. Estoy hablando del actual director de la casa de la cultura, que hace pocos d\u00edas junto con todo su equipo de trabajo hizo el cierre de los procesos de la casa de la cultura, tanto urbanos como rurales, y vale la pena reconocer todo el montaje y lo bonito que qued\u00f3 el evento.<\/p>\n<p style=\"text-align: justify;\"><img loading=\"lazy\" decoding=\"async\" src=\"images\/Ral_Esteban_1.jpg\" alt=\"\" width=\"750\" height=\"439\" \/><\/p>\n<p style=\"text-align: justify;\">Pero no es lo \u00fanico que le reconozco, en pandemia me toc\u00f3 verlo con un mont\u00f3n de cajas en el hombro y sudando la gota fr\u00eda. Por ese tiempo cuando todos los eventos eran virtuales, entre los muchos que recuerdo est\u00e1n: el d\u00eda del padre y la madre, el festival de m\u00fasica tradicional, el programa Sin Estresarte, que lideraron desde cultura, entre otros.<\/p>\n<p style=\"text-align: justify;\">A media hora de empezar los eventos, lo observaba todav\u00eda haciendo retoques para que la escenograf\u00eda quedara bien para mostrar en televisi\u00f3n.<\/p>\n<p style=\"text-align: justify;\">No es f\u00e1cil entretenerlo, se concentraba tanto en su trabajo que los chistes flojos que le contaba yo, poco lo hac\u00edan re\u00edr. Ahora que escribo estos renglones, me impacto a\u00fan m\u00e1s porque mientras los escribo vuelvo a vivir algunas escenas de lo que hac\u00eda \u00e9l.<\/p>\n<p style=\"text-align: justify;\"><img loading=\"lazy\" decoding=\"async\" src=\"images\/Ral_Esteban_2.jpg\" alt=\"\" width=\"750\" height=\"439\" \/><\/p>\n<p style=\"text-align: justify;\">Ra\u00fal Esteban, en estos cuatro a\u00f1os que lleva liderando la casa de la cultura, ha demostrado el sentido de partencia que siente por ella y el amor por el trabajo.<\/p>\n<p style=\"text-align: justify;\">Es que el man se entrega con toda, hay veces hasta dan ganas de imitarlo porque tiene una pasi\u00f3n incre\u00edble por lo que hace y lucha para que todo le salga bonito.<\/p>\n<p style=\"text-align: justify;\">Es el \u00faltimo que sale despu\u00e9s de cada evento, est\u00e1 atento a cada detalle y persona a su cargo. Mucha admiraci\u00f3n y ojal\u00e1 hubieran muchos m\u00e1s lideres como \u00e9l, que logran hacer cosas bonitas en cada una de los lugares donde trabaja.<\/p>\n","protected":false},"excerpt":{"rendered":"<p style=\"text-align: justify;\">Hace mucho me le\u00ed un libro que se llama \u201cLa Paradoja\u201d. Habla sobre la verdadera esencia del liderazgo.<\/p>\n","protected":false},"author":1,"featured_media":0,"comment_status":"open","ping_status":"open","sticky":false,"template":"","format":"standard","meta":{"footnotes":""},"categories":[20],"tags":[],"class_list":["post-729","post","type-post","status-publish","format-standard","hentry","category-columnistas"],"_links":{"self":[{"href":"https:\/\/www.desdegranada.com\/site\/index.php?rest_route=\/wp\/v2\/posts\/729","targetHints":{"allow":["GET"]}}],"collection":[{"href":"https:\/\/www.desdegranada.com\/site\/index.php?rest_route=\/wp\/v2\/posts"}],"about":[{"href":"https:\/\/www.desdegranada.com\/site\/index.php?rest_route=\/wp\/v2\/types\/post"}],"author":[{"embeddable":true,"href":"https:\/\/www.desdegranada.com\/site\/index.php?rest_route=\/wp\/v2\/users\/1"}],"replies":[{"embeddable":true,"href":"https:\/\/www.desdegranada.com\/site\/index.php?rest_route=%2Fwp%2Fv2%2Fcomments&post=729"}],"version-history":[{"count":0,"href":"https:\/\/www.desdegranada.com\/site\/index.php?rest_route=\/wp\/v2\/posts\/729\/revisions"}],"wp:attachment":[{"href":"https:\/\/www.desdegranada.com\/site\/index.php?rest_route=%2Fwp%2Fv2%2Fmedia&parent=729"}],"wp:term":[{"taxonomy":"category","embeddable":true,"href":"https:\/\/www.desdegranada.com\/site\/index.php?rest_route=%2Fwp%2Fv2%2Fcategories&post=729"},{"taxonomy":"post_tag","embeddable":true,"href":"https:\/\/www.desdegranada.com\/site\/index.php?rest_route=%2Fwp%2Fv2%2Ftags&post=729"}],"curies":[{"name":"wp","href":"https:\/\/api.w.org\/{rel}","templated":true}]}}