{"id":730,"date":"2023-11-18T15:12:25","date_gmt":"2023-11-18T15:12:25","guid":{"rendered":"https:\/\/www.desdegranada.com\/site\/?p=730"},"modified":"2023-11-18T15:12:25","modified_gmt":"2023-11-18T15:12:25","slug":"granada-vibra-al-ritmo-del-rock","status":"publish","type":"post","link":"https:\/\/www.desdegranada.com\/site\/?p=730","title":{"rendered":"Granada vibra al ritmo del rock"},"content":{"rendered":"<p style=\"text-align: justify;\">Se trata de la decimos\u00e9ptima versi\u00f3n del Festival Granada Rock, que, como cada a\u00f1o, contar\u00e1 con bandas de una amplia trayectoria y calidad musical para el disfrute de los amantes de este g\u00e9nero musical.<\/p>\n<p style=\"text-align: justify;\"><img loading=\"lazy\" decoding=\"async\" src=\"images\/Festival_de_rock_2023.jpg\" alt=\"\" width=\"750\" height=\"439\" \/><\/p>\n<p style=\"text-align: justify;\">La plaza principal ser\u00e1 el escenario que acoger\u00e1 a agrupaciones como Mr. Bleat, Insonoros, Rogs, Alto Voltaje, Malas Decisiones, Eclipse, Aberden y Devore para poner a poguear a los rockeros de Granada y la regi\u00f3n.<\/p>\n<p style=\"text-align: justify;\">Recuerden que la cita es desde las 7:00p.m de este s\u00e1bado en la plaza principal de Granada Antioquia.<\/p>\n","protected":false},"excerpt":{"rendered":"<p style=\"text-align: justify;\">Este s\u00e1bado desde las 7:00p.m, el p\u00fablico granadino de nuevo tendr\u00e1 la oportunidad de disfrutar de un evento diferente, lleno de energ\u00eda y que cada vez se posiciona m\u00e1s dentro de la localidad.<\/p>\n","protected":false},"author":1,"featured_media":0,"comment_status":"open","ping_status":"open","sticky":false,"template":"","format":"standard","meta":{"footnotes":""},"categories":[19],"tags":[],"class_list":["post-730","post","type-post","status-publish","format-standard","hentry","category-noticias"],"_links":{"self":[{"href":"https:\/\/www.desdegranada.com\/site\/index.php?rest_route=\/wp\/v2\/posts\/730","targetHints":{"allow":["GET"]}}],"collection":[{"href":"https:\/\/www.desdegranada.com\/site\/index.php?rest_route=\/wp\/v2\/posts"}],"about":[{"href":"https:\/\/www.desdegranada.com\/site\/index.php?rest_route=\/wp\/v2\/types\/post"}],"author":[{"embeddable":true,"href":"https:\/\/www.desdegranada.com\/site\/index.php?rest_route=\/wp\/v2\/users\/1"}],"replies":[{"embeddable":true,"href":"https:\/\/www.desdegranada.com\/site\/index.php?rest_route=%2Fwp%2Fv2%2Fcomments&post=730"}],"version-history":[{"count":0,"href":"https:\/\/www.desdegranada.com\/site\/index.php?rest_route=\/wp\/v2\/posts\/730\/revisions"}],"wp:attachment":[{"href":"https:\/\/www.desdegranada.com\/site\/index.php?rest_route=%2Fwp%2Fv2%2Fmedia&parent=730"}],"wp:term":[{"taxonomy":"category","embeddable":true,"href":"https:\/\/www.desdegranada.com\/site\/index.php?rest_route=%2Fwp%2Fv2%2Fcategories&post=730"},{"taxonomy":"post_tag","embeddable":true,"href":"https:\/\/www.desdegranada.com\/site\/index.php?rest_route=%2Fwp%2Fv2%2Ftags&post=730"}],"curies":[{"name":"wp","href":"https:\/\/api.w.org\/{rel}","templated":true}]}}