{"id":733,"date":"2023-11-23T15:17:21","date_gmt":"2023-11-23T15:17:21","guid":{"rendered":"https:\/\/www.desdegranada.com\/site\/?p=733"},"modified":"2023-11-23T15:17:21","modified_gmt":"2023-11-23T15:17:21","slug":"diego-naranjo-concejal-destacado-en-granada-vigencia-2022","status":"publish","type":"post","link":"https:\/\/www.desdegranada.com\/site\/?p=733","title":{"rendered":"Diego Naranjo, concejal destacado en Granada vigencia 2022"},"content":{"rendered":"<p style=\"text-align: justify;\">En este 2022, por el municipio de Granada, fue el concejal Diego Alfonso Naranjo quien recibi\u00f3 el respaldo de sus compa\u00f1eros concejales gracias a su vocaci\u00f3n de servicio y liderazgo, y este 22 de noviembre, recibi\u00f3 de manos del Gobernador An\u00edbal Gaviria la resoluci\u00f3n que lo acredita como el m\u00e1s destacado en esta vigencia.<\/p>\n<p style=\"text-align: justify;\"><img loading=\"lazy\" decoding=\"async\" src=\"images\/Diego_concejal_destacado.jpg\" alt=\"\" width=\"750\" height=\"439\" \/><\/p>\n<p style=\"text-align: justify;\">Diego, que se desempe\u00f1\u00f3 como funcionario de las administraciones municipales 2012 \u2013 2015 y 2016 \u2013 2019, y que ejerce actualmente como concejal para el per\u00edodo 2020 \u2013 2023, se ha destacado por su compromiso con el medio ambiente y los recursos naturales, adem\u00e1s del servicio comunitario.<\/p>\n<p style=\"text-align: justify;\">En total 117 concejales de toda Antioquia fueron homenajeados en este ejercicio simb\u00f3lico que le apuesta a resaltar el liderazgo y el aporte que realizan al desarrollo de sus territorios.<\/p>\n","protected":false},"excerpt":{"rendered":"<p style=\"text-align: justify;\">Como cada a\u00f1o, la Gobernaci\u00f3n de Antioquia realiz\u00f3 el evento de reconocimiento a los concejales m\u00e1s destacados en cada uno de los municipios del departamento, una menci\u00f3n que resalta el trabajo de los integrantes del cuerpo colegiado en favor de las comunidades a las que representan<\/p>\n","protected":false},"author":1,"featured_media":0,"comment_status":"open","ping_status":"open","sticky":false,"template":"","format":"standard","meta":{"footnotes":""},"categories":[19],"tags":[],"class_list":["post-733","post","type-post","status-publish","format-standard","hentry","category-noticias"],"_links":{"self":[{"href":"https:\/\/www.desdegranada.com\/site\/index.php?rest_route=\/wp\/v2\/posts\/733","targetHints":{"allow":["GET"]}}],"collection":[{"href":"https:\/\/www.desdegranada.com\/site\/index.php?rest_route=\/wp\/v2\/posts"}],"about":[{"href":"https:\/\/www.desdegranada.com\/site\/index.php?rest_route=\/wp\/v2\/types\/post"}],"author":[{"embeddable":true,"href":"https:\/\/www.desdegranada.com\/site\/index.php?rest_route=\/wp\/v2\/users\/1"}],"replies":[{"embeddable":true,"href":"https:\/\/www.desdegranada.com\/site\/index.php?rest_route=%2Fwp%2Fv2%2Fcomments&post=733"}],"version-history":[{"count":0,"href":"https:\/\/www.desdegranada.com\/site\/index.php?rest_route=\/wp\/v2\/posts\/733\/revisions"}],"wp:attachment":[{"href":"https:\/\/www.desdegranada.com\/site\/index.php?rest_route=%2Fwp%2Fv2%2Fmedia&parent=733"}],"wp:term":[{"taxonomy":"category","embeddable":true,"href":"https:\/\/www.desdegranada.com\/site\/index.php?rest_route=%2Fwp%2Fv2%2Fcategories&post=733"},{"taxonomy":"post_tag","embeddable":true,"href":"https:\/\/www.desdegranada.com\/site\/index.php?rest_route=%2Fwp%2Fv2%2Ftags&post=733"}],"curies":[{"name":"wp","href":"https:\/\/api.w.org\/{rel}","templated":true}]}}