{"id":734,"date":"2023-11-23T15:51:20","date_gmt":"2023-11-23T15:51:20","guid":{"rendered":"https:\/\/www.desdegranada.com\/site\/?p=734"},"modified":"2023-11-23T15:51:20","modified_gmt":"2023-11-23T15:51:20","slug":"manuela-gomez-ejerce-la-profesion-que-desde-nina-sono-maquilladora-profesional","status":"publish","type":"post","link":"https:\/\/www.desdegranada.com\/site\/?p=734","title":{"rendered":"Manuela G\u00f3mez ejerce la profesi\u00f3n que desde ni\u00f1a so\u00f1\u00f3: maquilladora profesional."},"content":{"rendered":"<p style=\"text-align: justify;\">Por: Maria Londo\u00f1o.<\/p>\n<p style=\"text-align: justify;\">En todas las fechas especiales como matrimonios, quinces, grados y dem\u00e1s celebraciones, Manuela ofrece su talento para resaltar la belleza de sus clientas, y para que cada una de estas festividades sea un momento memorable.<\/p>\n<p style=\"text-align: justify;\">Sin duda despu\u00e9s de cada trabajo lo m\u00e1s emocionante es ver que el esfuerzo que se le imprimi\u00f3, se ve reflejado en el resultado, \u201cpara mi lo m\u00e1s apasionante y gratificante es ver despu\u00e9s como la persona se presume en redes con el maquillaje que uno realiza, y que le digan, Manu, me encant\u00f3 mucho, qued\u00e9 super contenta, me dur\u00f3 el maquillaje\u201d.\u00a0<\/p>\n<p style=\"text-align: justify;\"><img loading=\"lazy\" decoding=\"async\" src=\"images\/Manuela_maquilladora.jpg\" alt=\"\" width=\"750\" height=\"439\" \/><\/p>\n<p style=\"text-align: justify;\">\u00a0Para los que creen en su potencial, so\u00f1ar no tiene l\u00edmites, y Manuela se proyecta como una \u201cmaquilladora con m\u00e1s experiencia, con muchos m\u00e1s diplomas y con una tienda de maquillaje\u201d.<\/p>\n<p style=\"text-align: justify;\">\u201cDe Granada me gusta mucho la tranquilidad que se siente, la gente tan amable\u201d.<\/p>\n<p style=\"text-align: justify;\">Las personas que deseen comunicarse con Manuela para agendar citas, se pueden contactar al 311 779 43 57. \u00a0<\/p>\n","protected":false},"excerpt":{"rendered":"<p style=\"text-align: justify;\">Formarse en el tema que le apasiona y poner sobre ruedas el emprendimiento que siempre se so\u00f1\u00f3, se ha convertido en ese salvavidas para los j\u00f3venes que luego de finalizar sus estudios secundarios desean quedarse en el municipio. Este es el caso de Manuela G\u00f3mez, que luego de varios meses de formaci\u00f3n, en la actualidad ejerce la carrera que desde peque\u00f1a eligi\u00f3, \u201cme gustaba jugar con las mu\u00f1ecas, tratar de ponerlas bonitas, eso fue un inicio\u201d.<\/p>\n","protected":false},"author":1,"featured_media":0,"comment_status":"open","ping_status":"open","sticky":false,"template":"","format":"standard","meta":{"footnotes":""},"categories":[20],"tags":[],"class_list":["post-734","post","type-post","status-publish","format-standard","hentry","category-columnistas"],"_links":{"self":[{"href":"https:\/\/www.desdegranada.com\/site\/index.php?rest_route=\/wp\/v2\/posts\/734","targetHints":{"allow":["GET"]}}],"collection":[{"href":"https:\/\/www.desdegranada.com\/site\/index.php?rest_route=\/wp\/v2\/posts"}],"about":[{"href":"https:\/\/www.desdegranada.com\/site\/index.php?rest_route=\/wp\/v2\/types\/post"}],"author":[{"embeddable":true,"href":"https:\/\/www.desdegranada.com\/site\/index.php?rest_route=\/wp\/v2\/users\/1"}],"replies":[{"embeddable":true,"href":"https:\/\/www.desdegranada.com\/site\/index.php?rest_route=%2Fwp%2Fv2%2Fcomments&post=734"}],"version-history":[{"count":0,"href":"https:\/\/www.desdegranada.com\/site\/index.php?rest_route=\/wp\/v2\/posts\/734\/revisions"}],"wp:attachment":[{"href":"https:\/\/www.desdegranada.com\/site\/index.php?rest_route=%2Fwp%2Fv2%2Fmedia&parent=734"}],"wp:term":[{"taxonomy":"category","embeddable":true,"href":"https:\/\/www.desdegranada.com\/site\/index.php?rest_route=%2Fwp%2Fv2%2Fcategories&post=734"},{"taxonomy":"post_tag","embeddable":true,"href":"https:\/\/www.desdegranada.com\/site\/index.php?rest_route=%2Fwp%2Fv2%2Ftags&post=734"}],"curies":[{"name":"wp","href":"https:\/\/api.w.org\/{rel}","templated":true}]}}