{"id":736,"date":"2023-11-24T20:59:57","date_gmt":"2023-11-24T20:59:57","guid":{"rendered":"https:\/\/www.desdegranada.com\/site\/?p=736"},"modified":"2023-11-24T20:59:57","modified_gmt":"2023-11-24T20:59:57","slug":"once-anos-tal-vez-mas-mi-discurso-de-grado","status":"publish","type":"post","link":"https:\/\/www.desdegranada.com\/site\/?p=736","title":{"rendered":"Once a\u00f1os, tal vez m\u00e1s&#8230; Mi discurso de grado"},"content":{"rendered":"<p style=\"text-align: justify;\">Por: Jeison A. Giraldo.<\/p>\n<p style=\"text-align: justify;\">Yo soy el de menos, porque no solo los que se est\u00e1n graduando conmigo hoy, sino tambi\u00e9n los compa\u00f1eros que dej\u00e9 volar por factores de indisciplina y pereza han sido testigo del esfuerzo tan duro que tuve para lograr este diploma.<\/p>\n<p style=\"text-align: justify;\">Para los que hicieron lo correcto, pues bien, porque a ellos si les justific\u00f3 la madrugada en las ma\u00f1anas lluviosas, pero para mi que no era sino terciarme el bolso lleno de cuadernos sin tareas, no.<\/p>\n<p style=\"text-align: justify;\">L\u00e1stima que hoy acaba este tiempo tan hermoso donde mi mayor esfuerzo era lucirme en los descansos delante de las ni\u00f1as que me gustaban.<\/p>\n<p style=\"text-align: justify;\">Siempre esper\u00e9 este momento e ir\u00f3nicamente no quer\u00eda que llegara, por eso fue que aplace mi graduaci\u00f3n, por eso fue que perd\u00ed tantos a\u00f1os.<\/p>\n<p style=\"text-align: justify;\">Once a\u00f1os, tal vez m\u00e1s.<\/p>\n<p style=\"text-align: justify;\">Gracias a los profesores que me ense\u00f1aron caligraf\u00eda, porque por ellos aprend\u00ed a hacer correctamente los garabaticos que val\u00edan como firma realizada por mi mam\u00e1 cuando mandaban cartas.<\/p>\n<p style=\"text-align: justify;\">Gracias a ellos hoy mi firma es una raya con estilo y no s\u00e9 como justificar que pas\u00e9 11 a\u00f1os, tal vez m\u00e1s en un colegio.<\/p>\n<p style=\"text-align: justify;\">A mi familia que con paciencia me soport\u00f3 y cada a\u00f1o creyeron en mi.<\/p>\n<p style=\"text-align: justify;\">A mi madre que cuando le dije que yo no quer\u00eda seguir estudiando porque al final ser\u00eda solamente un cad\u00e1ver inteligente, me contest\u00f3: \u201cno aspire a llegar a viejo, aspire a aprender una cosa as\u00ed sea para morir ma\u00f1ana\u201d.<\/p>\n<p style=\"text-align: justify;\">Voy a extra\u00f1ar los rega\u00f1os de todos mis profesores.<\/p>\n<p style=\"text-align: justify;\">De ahora en adelante, s\u00ed me voy a tener que preocupar para llegar temprano, pero al trabajo. Ya no me puede dar lo mismo si llego tarde o si no llego.<\/p>\n","protected":false},"excerpt":{"rendered":"<p style=\"text-align: justify;\">Queridos profesores, directivas, compa\u00f1eros y familiares.<\/p>\n","protected":false},"author":1,"featured_media":0,"comment_status":"open","ping_status":"open","sticky":false,"template":"","format":"standard","meta":{"footnotes":""},"categories":[20],"tags":[],"class_list":["post-736","post","type-post","status-publish","format-standard","hentry","category-columnistas"],"_links":{"self":[{"href":"https:\/\/www.desdegranada.com\/site\/index.php?rest_route=\/wp\/v2\/posts\/736","targetHints":{"allow":["GET"]}}],"collection":[{"href":"https:\/\/www.desdegranada.com\/site\/index.php?rest_route=\/wp\/v2\/posts"}],"about":[{"href":"https:\/\/www.desdegranada.com\/site\/index.php?rest_route=\/wp\/v2\/types\/post"}],"author":[{"embeddable":true,"href":"https:\/\/www.desdegranada.com\/site\/index.php?rest_route=\/wp\/v2\/users\/1"}],"replies":[{"embeddable":true,"href":"https:\/\/www.desdegranada.com\/site\/index.php?rest_route=%2Fwp%2Fv2%2Fcomments&post=736"}],"version-history":[{"count":0,"href":"https:\/\/www.desdegranada.com\/site\/index.php?rest_route=\/wp\/v2\/posts\/736\/revisions"}],"wp:attachment":[{"href":"https:\/\/www.desdegranada.com\/site\/index.php?rest_route=%2Fwp%2Fv2%2Fmedia&parent=736"}],"wp:term":[{"taxonomy":"category","embeddable":true,"href":"https:\/\/www.desdegranada.com\/site\/index.php?rest_route=%2Fwp%2Fv2%2Fcategories&post=736"},{"taxonomy":"post_tag","embeddable":true,"href":"https:\/\/www.desdegranada.com\/site\/index.php?rest_route=%2Fwp%2Fv2%2Ftags&post=736"}],"curies":[{"name":"wp","href":"https:\/\/api.w.org\/{rel}","templated":true}]}}