{"id":737,"date":"2023-11-25T16:33:51","date_gmt":"2023-11-25T16:33:51","guid":{"rendered":"https:\/\/www.desdegranada.com\/site\/?p=737"},"modified":"2023-11-25T16:33:51","modified_gmt":"2023-11-25T16:33:51","slug":"programa-de-atencion-psicosocial-celebra-15-anos","status":"publish","type":"post","link":"https:\/\/www.desdegranada.com\/site\/?p=737","title":{"rendered":"Programa de Atenci\u00f3n Psicosocial celebra 15 a\u00f1os"},"content":{"rendered":"<p style=\"text-align: justify;\">Desde hace quince a\u00f1os este proceso ha venido trabajando y acompa\u00f1ando a diferentes grupos poblacionales tanto de la zona urbana como rural del municipio, formando a mujeres cabeza de familia en emprendimiento, fortaleciendo el liderazgo en j\u00f3venes y promoviendo espacios como el mercado campesino Sabores de mi Tierra que dinamiza la econom\u00eda local y es una ventana para que los campesinos puedan comercializar sus productos directamente con el consumidor a unos precios m\u00e1s justos.<\/p>\n<p style=\"text-align: justify;\"><img loading=\"lazy\" decoding=\"async\" src=\"images\/15_aos_programa_psicosocial.jpg\" alt=\"\" width=\"750\" height=\"439\" \/><\/p>\n<p style=\"text-align: justify;\">El Programa de Atenci\u00f3n Psicosocial tambi\u00e9n se la ha jugado por la integraci\u00f3n y el fortalecimiento de la salud mental de los granadinos mediante diferentes estrategias como danzalma, paz &#8211; aporte, el festival de cortometrajes, empeli \u2013 nos encontramos, entre otras, que adem\u00e1s de motivar la participaci\u00f3n de la comunidad, son una herramienta para visibilizar el trabajo que se ha venido realizando.<\/p>\n<p style=\"text-align: justify;\">Felicitaciones y gratitud para instituciones como la Cooperativa Coogranada, la Universidad de Antioquia, la administraci\u00f3n municipal y los practicantes que han pasado por nuestro municipio a lo largo de estos 15 a\u00f1os del proceso, aportando su granito de arena a la reconstrucci\u00f3n del tejido social y el crecimiento personal de ni\u00f1os, j\u00f3venes, adultos y adultos mayores de la localidad.<\/p>\n<p>\u00a0<\/p>\n","protected":false},"excerpt":{"rendered":"<p style=\"text-align: justify;\">Como una iniciativa para crear, transformar, acompa\u00f1ar y tejer desde las comunidades, el Programa de Atenci\u00f3n Psicosocial lleg\u00f3 a Granada para convertirse en un aliado fundamental de la institucionalidad y las comunidades, y asimismo aportar al desarrollo del territorio.<\/p>\n","protected":false},"author":1,"featured_media":0,"comment_status":"open","ping_status":"open","sticky":false,"template":"","format":"standard","meta":{"footnotes":""},"categories":[19],"tags":[],"class_list":["post-737","post","type-post","status-publish","format-standard","hentry","category-noticias"],"_links":{"self":[{"href":"https:\/\/www.desdegranada.com\/site\/index.php?rest_route=\/wp\/v2\/posts\/737","targetHints":{"allow":["GET"]}}],"collection":[{"href":"https:\/\/www.desdegranada.com\/site\/index.php?rest_route=\/wp\/v2\/posts"}],"about":[{"href":"https:\/\/www.desdegranada.com\/site\/index.php?rest_route=\/wp\/v2\/types\/post"}],"author":[{"embeddable":true,"href":"https:\/\/www.desdegranada.com\/site\/index.php?rest_route=\/wp\/v2\/users\/1"}],"replies":[{"embeddable":true,"href":"https:\/\/www.desdegranada.com\/site\/index.php?rest_route=%2Fwp%2Fv2%2Fcomments&post=737"}],"version-history":[{"count":0,"href":"https:\/\/www.desdegranada.com\/site\/index.php?rest_route=\/wp\/v2\/posts\/737\/revisions"}],"wp:attachment":[{"href":"https:\/\/www.desdegranada.com\/site\/index.php?rest_route=%2Fwp%2Fv2%2Fmedia&parent=737"}],"wp:term":[{"taxonomy":"category","embeddable":true,"href":"https:\/\/www.desdegranada.com\/site\/index.php?rest_route=%2Fwp%2Fv2%2Fcategories&post=737"},{"taxonomy":"post_tag","embeddable":true,"href":"https:\/\/www.desdegranada.com\/site\/index.php?rest_route=%2Fwp%2Fv2%2Ftags&post=737"}],"curies":[{"name":"wp","href":"https:\/\/api.w.org\/{rel}","templated":true}]}}