{"id":739,"date":"2023-11-30T22:40:22","date_gmt":"2023-11-30T22:40:22","guid":{"rendered":"https:\/\/www.desdegranada.com\/site\/?p=739"},"modified":"2023-11-30T22:40:22","modified_gmt":"2023-11-30T22:40:22","slug":"inicio-izaje-de-canastas-de-pilas-para-construccion-del-puente-en-el-matadero","status":"publish","type":"post","link":"https:\/\/www.desdegranada.com\/site\/?p=739","title":{"rendered":"Inici\u00f3 izaje de canastas de pilas para construcci\u00f3n del puente en EL Matadero"},"content":{"rendered":"<p style=\"text-align: justify;\">Justamente, este jueves 30 de noviembre desde las 8:00a.m, el Consorcio DBS-OMEGA ORIMAG, contratista encargado de las obras para la construcci\u00f3n del puente en el kil\u00f3metro 11+700, mejor conocido como El Matadero, inici\u00f3 con el proceso de instalaci\u00f3n de las canastas de pila que ser\u00e1n las estructuras que soporten la construcci\u00f3n que se proyecta en el sitio.<\/p>\n<p style=\"text-align: justify;\"><img loading=\"lazy\" decoding=\"async\" src=\"images\/Izaje_pilas_puente_El_Matadero.jpg\" alt=\"\" width=\"750\" height=\"439\" \/><\/p>\n<p style=\"text-align: justify;\">En total son cuatro columnas de acero las que se deben izar sobre las excavaciones realizadas, y al final, con el vaciado del concreto se convertir\u00e1n en las bases del nuevo puente.<\/p>\n<p style=\"text-align: justify;\">Este proceso que consta primeramente de asegurar y trasladar la canasta de pila con el apoyo de una gr\u00faa, para posteriormente ubicarla en la excavaci\u00f3n, tarda alrededor de tres horas por cada una de las pilas y en la jornada de este jueves se logr\u00f3 el izaje de dos de las canastas, por lo que quedar\u00edan faltando dos m\u00e1s para poder dar inicio al vaciado de los pilotes y posteriormente la construcci\u00f3n del puente y desarrollo de las obras complementarias.<\/p>\n<p style=\"text-align: justify;\"><iframe loading=\"lazy\" src=\"\/\/www.youtube.com\/embed\/A0BpkpzIQ_g\" width=\"560\" height=\"314\" allowfullscreen=\"allowfullscreen\"><\/iframe><\/p>\n","protected":false},"excerpt":{"rendered":"<p style=\"text-align: justify;\">Las innumerables dificultades que por tantos meses tuvieron que padecer transportadores y usuarios de la v\u00eda Autopista \u2013 Granada, por cuenta de los puntos cr\u00edticos ubicados en los kil\u00f3metros 0+900 -Alto de el Palmar- y 11+700 \u2013 El Matadero-, de a poco se van tornando en una luz de esperanza gracias a los avances que se van evidenciando en las obras para la atenci\u00f3n de los mismos.<\/p>\n","protected":false},"author":1,"featured_media":0,"comment_status":"open","ping_status":"open","sticky":false,"template":"","format":"standard","meta":{"footnotes":""},"categories":[19],"tags":[],"class_list":["post-739","post","type-post","status-publish","format-standard","hentry","category-noticias"],"_links":{"self":[{"href":"https:\/\/www.desdegranada.com\/site\/index.php?rest_route=\/wp\/v2\/posts\/739","targetHints":{"allow":["GET"]}}],"collection":[{"href":"https:\/\/www.desdegranada.com\/site\/index.php?rest_route=\/wp\/v2\/posts"}],"about":[{"href":"https:\/\/www.desdegranada.com\/site\/index.php?rest_route=\/wp\/v2\/types\/post"}],"author":[{"embeddable":true,"href":"https:\/\/www.desdegranada.com\/site\/index.php?rest_route=\/wp\/v2\/users\/1"}],"replies":[{"embeddable":true,"href":"https:\/\/www.desdegranada.com\/site\/index.php?rest_route=%2Fwp%2Fv2%2Fcomments&post=739"}],"version-history":[{"count":0,"href":"https:\/\/www.desdegranada.com\/site\/index.php?rest_route=\/wp\/v2\/posts\/739\/revisions"}],"wp:attachment":[{"href":"https:\/\/www.desdegranada.com\/site\/index.php?rest_route=%2Fwp%2Fv2%2Fmedia&parent=739"}],"wp:term":[{"taxonomy":"category","embeddable":true,"href":"https:\/\/www.desdegranada.com\/site\/index.php?rest_route=%2Fwp%2Fv2%2Fcategories&post=739"},{"taxonomy":"post_tag","embeddable":true,"href":"https:\/\/www.desdegranada.com\/site\/index.php?rest_route=%2Fwp%2Fv2%2Ftags&post=739"}],"curies":[{"name":"wp","href":"https:\/\/api.w.org\/{rel}","templated":true}]}}