{"id":740,"date":"2023-12-01T18:01:13","date_gmt":"2023-12-01T18:01:13","guid":{"rendered":"https:\/\/www.desdegranada.com\/site\/?p=740"},"modified":"2023-12-01T18:01:13","modified_gmt":"2023-12-01T18:01:13","slug":"hermana-azucena-hincapie-rectora-de-inejago-fue-condecorada-con-la-medalla-padre-clemente-giraldo","status":"publish","type":"post","link":"https:\/\/www.desdegranada.com\/site\/?p=740","title":{"rendered":"Hermana Azucena Hincapi\u00e9, rectora de INEJAGO fue condecorada con la medalla Padre Clemente Giraldo"},"content":{"rendered":"<p style=\"text-align: justify;\">En este tiempo tanto la comunidad como la institucionalidad local han podido conocer a un ser humano con grandes valores, adem\u00e1s de una trabajadora incansable en los campos social y educativo, y por eso el concejo municipal, de manera un\u00e1nime, decidi\u00f3 reconocerle este primero de diciembre con la Medalla al M\u00e9rito C\u00edvico Padre Clemente Giraldo, la m\u00e1xima distinci\u00f3n que se entrega a nivel municipal a las personas naturales e instituciones u organizaciones que desde su quehacer aportan al desarrollo del municipio.<\/p>\n<p style=\"text-align: justify;\"><img loading=\"lazy\" decoding=\"async\" src=\"images\/Medalla_padre_Clemente_Giraldo_hermana_Azucena.jpg\" alt=\"\" width=\"750\" height=\"439\" \/><\/p>\n<p style=\"text-align: justify;\">\u201cNo me esperaba este reconocimiento, que yo dir\u00eda, que son regalos que la vida trae consigo y Dios es el que act\u00faa en la vida del ser humano, cuando uno no espera nada es m\u00e1s sorprendente todav\u00eda\u201d, manifest\u00f3 visiblemente emocionada la hermana Azucena tras recibir la condecoraci\u00f3n, y agreg\u00f3, \u201chasta donde estemos ac\u00e1, con todo el cari\u00f1o, trabajaremos incansablemente por la ni\u00f1ez y la juventud granadina que bien se lo merece\u201d.<\/p>\n<p style=\"text-align: justify;\">Por su parte Wilson Giraldo Naranjo, presidente del concejo municipal para la vigencia 2023, expres\u00f3 sobre el reconocimiento que \u201cla hermana ha sido un pilar fundamental en nuestra educaci\u00f3n, y si hay buena educaci\u00f3n, tambi\u00e9n tenemos un buen desarrollo y una buena comunidad\u201d.<\/p>\n","protected":false},"excerpt":{"rendered":"<p style=\"text-align: justify;\">Durante 6 a\u00f1os la hermana Azucena Hincapi\u00e9 ha venido prestando sus servicios en Granada como rectora de la Instituci\u00f3n Educativa Jorge Alberto G\u00f3mez, aportando desde su capacidad administrativa y liderazgo al fortalecimiento y mejoramiento de la calidad de la educaci\u00f3n de la ni\u00f1ez y la juventud granadina.<\/p>\n","protected":false},"author":1,"featured_media":0,"comment_status":"open","ping_status":"open","sticky":false,"template":"","format":"standard","meta":{"footnotes":""},"categories":[19],"tags":[],"class_list":["post-740","post","type-post","status-publish","format-standard","hentry","category-noticias"],"_links":{"self":[{"href":"https:\/\/www.desdegranada.com\/site\/index.php?rest_route=\/wp\/v2\/posts\/740","targetHints":{"allow":["GET"]}}],"collection":[{"href":"https:\/\/www.desdegranada.com\/site\/index.php?rest_route=\/wp\/v2\/posts"}],"about":[{"href":"https:\/\/www.desdegranada.com\/site\/index.php?rest_route=\/wp\/v2\/types\/post"}],"author":[{"embeddable":true,"href":"https:\/\/www.desdegranada.com\/site\/index.php?rest_route=\/wp\/v2\/users\/1"}],"replies":[{"embeddable":true,"href":"https:\/\/www.desdegranada.com\/site\/index.php?rest_route=%2Fwp%2Fv2%2Fcomments&post=740"}],"version-history":[{"count":0,"href":"https:\/\/www.desdegranada.com\/site\/index.php?rest_route=\/wp\/v2\/posts\/740\/revisions"}],"wp:attachment":[{"href":"https:\/\/www.desdegranada.com\/site\/index.php?rest_route=%2Fwp%2Fv2%2Fmedia&parent=740"}],"wp:term":[{"taxonomy":"category","embeddable":true,"href":"https:\/\/www.desdegranada.com\/site\/index.php?rest_route=%2Fwp%2Fv2%2Fcategories&post=740"},{"taxonomy":"post_tag","embeddable":true,"href":"https:\/\/www.desdegranada.com\/site\/index.php?rest_route=%2Fwp%2Fv2%2Ftags&post=740"}],"curies":[{"name":"wp","href":"https:\/\/api.w.org\/{rel}","templated":true}]}}