{"id":741,"date":"2023-12-01T20:41:32","date_gmt":"2023-12-01T20:41:32","guid":{"rendered":"https:\/\/www.desdegranada.com\/site\/?p=741"},"modified":"2023-12-01T20:41:32","modified_gmt":"2023-12-01T20:41:32","slug":"alcalde-electo-de-granada-dio-a-conocer-los-primeros-nombres-que-lo-acompanaran-en-su-administracion","status":"publish","type":"post","link":"https:\/\/www.desdegranada.com\/site\/?p=741","title":{"rendered":"Alcalde electo de Granada dio a conocer los primeros nombres que lo acompa\u00f1ar\u00e1n en su administraci\u00f3n"},"content":{"rendered":"<p style=\"text-align: justify;\">A partir del 30 de octubre, un d\u00eda despu\u00e9s de los comicios, ha venido participando en reuniones con las colonias granadinas residentes en las distintas ciudades del pa\u00eds, viene trabajando con varios coequiperos y la administraci\u00f3n saliente en el proceso de empalme, y de la misma manera, ha acompa\u00f1ado diversos espacios con miras a proyectar su trabajo a partir del primero de enero del 2024.<\/p>\n<p style=\"text-align: justify;\">Una de las tareas pendientes y que genera mayor expectativa dentro de la comunidad, es la conformaci\u00f3n de su equipo de trabajo, y a trav\u00e9s de sus redes sociales, el que ser\u00e1 el primer mandatario de los granadinos a partir del pr\u00f3ximo a\u00f1o, ya ha compartido algunos nombres que lo acompa\u00f1ar\u00e1n en su gesti\u00f3n.<\/p>\n<p style=\"text-align: justify;\"><img loading=\"lazy\" decoding=\"async\" src=\"images\/Funcionarios_alcalda_2024.jpg\" alt=\"\" width=\"750\" height=\"439\" \/><\/p>\n<p style=\"text-align: justify;\">Se trata de la Secretar\u00edas de Gobierno y Hacienda, que estar\u00e1n a cargo de la abogada Carolina Botero Hoyos y la contadora p\u00fablica Alejandra Murillo, respectivamente.<\/p>\n<p style=\"text-align: justify;\">De su nueva Secretaria de Gobierno, el alcalde electo destaca que es \u201cuna mujer granadina comprometida con el servicio a la comunidad. Abogada, especialista en derecho aduanero y comercio exterior, adem\u00e1s de su destacada experiencia en derecho civil, comercial y administrativo\u201d, mientras que de la pr\u00f3xima Secretaria de Hacienda resalta que \u201csu experiencia y dedicaci\u00f3n fortalecer\u00e1n nuestro equipo, impulsando estrategias para un desarrollo social y comunitario\u201d.<\/p>\n<p style=\"text-align: justify;\">De esta manera, el nuevo alcalde de Granada empieza a dar pasos en una de las tareas m\u00e1s importantes de cara al arranque de su mandato.<\/p>\n","protected":false},"excerpt":{"rendered":"<p style=\"text-align: justify;\">Daniel Andr\u00e9s Hoyos Yepes, alcalde electo de Granada para el per\u00edodo 2024 &#8211; 2027, empez\u00f3 a trabajar una vez los granadinos le manifestaron su respaldo en las urnas para dirigir los destinos del municipio.<\/p>\n","protected":false},"author":1,"featured_media":0,"comment_status":"open","ping_status":"open","sticky":false,"template":"","format":"standard","meta":{"footnotes":""},"categories":[19],"tags":[],"class_list":["post-741","post","type-post","status-publish","format-standard","hentry","category-noticias"],"_links":{"self":[{"href":"https:\/\/www.desdegranada.com\/site\/index.php?rest_route=\/wp\/v2\/posts\/741","targetHints":{"allow":["GET"]}}],"collection":[{"href":"https:\/\/www.desdegranada.com\/site\/index.php?rest_route=\/wp\/v2\/posts"}],"about":[{"href":"https:\/\/www.desdegranada.com\/site\/index.php?rest_route=\/wp\/v2\/types\/post"}],"author":[{"embeddable":true,"href":"https:\/\/www.desdegranada.com\/site\/index.php?rest_route=\/wp\/v2\/users\/1"}],"replies":[{"embeddable":true,"href":"https:\/\/www.desdegranada.com\/site\/index.php?rest_route=%2Fwp%2Fv2%2Fcomments&post=741"}],"version-history":[{"count":0,"href":"https:\/\/www.desdegranada.com\/site\/index.php?rest_route=\/wp\/v2\/posts\/741\/revisions"}],"wp:attachment":[{"href":"https:\/\/www.desdegranada.com\/site\/index.php?rest_route=%2Fwp%2Fv2%2Fmedia&parent=741"}],"wp:term":[{"taxonomy":"category","embeddable":true,"href":"https:\/\/www.desdegranada.com\/site\/index.php?rest_route=%2Fwp%2Fv2%2Fcategories&post=741"},{"taxonomy":"post_tag","embeddable":true,"href":"https:\/\/www.desdegranada.com\/site\/index.php?rest_route=%2Fwp%2Fv2%2Ftags&post=741"}],"curies":[{"name":"wp","href":"https:\/\/api.w.org\/{rel}","templated":true}]}}