{"id":743,"date":"2023-12-04T19:54:47","date_gmt":"2023-12-04T19:54:47","guid":{"rendered":"https:\/\/www.desdegranada.com\/site\/?p=743"},"modified":"2023-12-04T19:54:47","modified_gmt":"2023-12-04T19:54:47","slug":"carta-al-padre-adan","status":"publish","type":"post","link":"https:\/\/www.desdegranada.com\/site\/?p=743","title":{"rendered":"Carta al padre Ad\u00e1n"},"content":{"rendered":"<p style=\"text-align: justify;\">Por: Jeison A. Giraldo.<\/p>\n<p style=\"text-align: justify;\">Fue muy duro, la gente se llen\u00f3 de p\u00e1nico porque tus palabras fueron muy prof\u00e9ticas y aunque no sab\u00edamos bien lo que iba a pasar, tus palabras no fueron suficientes para preparar nuestros corazones a tan semejantes cosas.<\/p>\n<p style=\"text-align: justify;\">Padre Ad\u00e1n, le cuento que un a\u00f1o despu\u00e9s de su muerte, los paramilitares, vinieron y le dispararon a todo lo que se mov\u00eda y un mes despu\u00e9s, la guerrilla en una forma de querer mostrar m\u00e1s poder, destruy\u00f3 la variante.<\/p>\n<p style=\"text-align: justify;\">Si padre, la variante\u2026 Qu\u00e9 l\u00e1stima tener que contarle esto. Las calles por donde usted tantas veces pas\u00f3 bendiciendo, a principios del siglo se convirtieron en campos de batalla.<\/p>\n<p style=\"text-align: justify;\">Pero no todo es malo, usted sabe que los granadinos somos muy echados para adelante y pocos a\u00f1os despu\u00e9s logramos reconstruir a Granada. Un paisano suyo, el padre Oscar Orlando fue quien nos subi\u00f3 la moral.<\/p>\n<p style=\"text-align: justify;\"><img loading=\"lazy\" decoding=\"async\" src=\"images\/Carta_al_padre_Adn.jpg\" alt=\"\" width=\"750\" height=\"439\" \/><\/p>\n<p style=\"text-align: justify;\">En el a\u00f1o 2008 a la parroquia lleg\u00f3 un cura parecido a usted, que tiene hasta los mismos caprichos, y al igual que usted, tambi\u00e9n se ha ganado el coraz\u00f3n de los fieles.<\/p>\n<p style=\"text-align: justify;\">Aunque han sido muy duras las cosas que hemos pasado, el todo poderoso nos ha dado la valent\u00eda para superarlas. Actualmente seguimos haciendo cosas para que Granada siga siendo una bonita cara para presentar ante el mundo.<\/p>\n<p style=\"text-align: justify;\">No ha sido f\u00e1cil padre, ha sido un proceso duro. Ya no queremos saber m\u00e1s de violencia, ya eso lo vamos a dejar atr\u00e1s. Ya descubrimos las cosas que iban a pasar en el 2000, sobrevivimos a todo eso. Usted marc\u00f3 en los granadinos muchas cosas y todav\u00eda lo recordamos por sus dichos, por sus chistes y por todo lo que aport\u00f3 en la evangelizaci\u00f3n.<\/p>\n<p style=\"text-align: justify;\">Padre, para terminar, quiero contarle que lo \u00fanico que va a quedar sin cumplirse de todo lo que usted dijo que iba a pasar es que entechen la v\u00eda Granada \u2013 San Carlos, porque ya por fin la pavimentaron.<\/p>\n","protected":false},"excerpt":{"rendered":"<p style=\"text-align: justify;\">A pocos d\u00edas de cumplirse 23 a\u00f1os sin tu presencia, quiero contarte que adem\u00e1s de tu partida, durante estos largos a\u00f1os hemos sufrido muchas cosas m\u00e1s.\u00a0<\/p>\n","protected":false},"author":1,"featured_media":0,"comment_status":"open","ping_status":"open","sticky":false,"template":"","format":"standard","meta":{"footnotes":""},"categories":[20],"tags":[],"class_list":["post-743","post","type-post","status-publish","format-standard","hentry","category-columnistas"],"_links":{"self":[{"href":"https:\/\/www.desdegranada.com\/site\/index.php?rest_route=\/wp\/v2\/posts\/743","targetHints":{"allow":["GET"]}}],"collection":[{"href":"https:\/\/www.desdegranada.com\/site\/index.php?rest_route=\/wp\/v2\/posts"}],"about":[{"href":"https:\/\/www.desdegranada.com\/site\/index.php?rest_route=\/wp\/v2\/types\/post"}],"author":[{"embeddable":true,"href":"https:\/\/www.desdegranada.com\/site\/index.php?rest_route=\/wp\/v2\/users\/1"}],"replies":[{"embeddable":true,"href":"https:\/\/www.desdegranada.com\/site\/index.php?rest_route=%2Fwp%2Fv2%2Fcomments&post=743"}],"version-history":[{"count":0,"href":"https:\/\/www.desdegranada.com\/site\/index.php?rest_route=\/wp\/v2\/posts\/743\/revisions"}],"wp:attachment":[{"href":"https:\/\/www.desdegranada.com\/site\/index.php?rest_route=%2Fwp%2Fv2%2Fmedia&parent=743"}],"wp:term":[{"taxonomy":"category","embeddable":true,"href":"https:\/\/www.desdegranada.com\/site\/index.php?rest_route=%2Fwp%2Fv2%2Fcategories&post=743"},{"taxonomy":"post_tag","embeddable":true,"href":"https:\/\/www.desdegranada.com\/site\/index.php?rest_route=%2Fwp%2Fv2%2Ftags&post=743"}],"curies":[{"name":"wp","href":"https:\/\/api.w.org\/{rel}","templated":true}]}}