{"id":744,"date":"2023-12-04T21:45:27","date_gmt":"2023-12-04T21:45:27","guid":{"rendered":"https:\/\/www.desdegranada.com\/site\/?p=744"},"modified":"2023-12-04T21:45:27","modified_gmt":"2023-12-04T21:45:27","slug":"el-granadino-jose-miguel-aristizabal-es-subcampeon-de-la-vuelta-nacional-al-futuro-2023","status":"publish","type":"post","link":"https:\/\/www.desdegranada.com\/site\/?p=744","title":{"rendered":"El granadino Jos\u00e9 Miguel Aristiz\u00e1bal es subcampe\u00f3n de la Vuelta Nacional al Futuro 2023"},"content":{"rendered":"<p style=\"text-align: justify;\">De inicio Jos\u00e9 Miguel evidenci\u00f3 su nivel sobre la bicicleta, y en la primera etapa, en la prueba de la contrarreloj individual, logr\u00f3 ubicarse en el quinto lugar de la clasificaci\u00f3n general.<\/p>\n<p style=\"text-align: justify;\">La segunda etapa, adem\u00e1s de la exigencia represent\u00f3 para Jos\u00e9 Miguel nuevos escollos, pues a las fallas mec\u00e1nicas se sumaron dos ca\u00eddas que le impidieron avanzar en su prop\u00f3sito de acercarse al podio. Aun as\u00ed pudo mantener su posici\u00f3n en la tabla general.<\/p>\n<p style=\"text-align: justify;\">Sobre 34 kil\u00f3metros se corri\u00f3 la etapa n\u00famero tres, en la que el pedalista granadino se repuso y con un d\u00e9cimo puesto logrado en la etapa, pudo ascender al cuarto lugar de la clasificaci\u00f3n general.<\/p>\n<p style=\"text-align: justify;\">Hasta la conclusi\u00f3n de la etapa tres, el buen rendimiento de Jos\u00e9 Miguel no decepcionaba pese a los obst\u00e1culos, pero la ambici\u00f3n del deportista era mayor y esto se vio reflejado en la cuarta y \u00faltima fracci\u00f3n de la competencia.<\/p>\n<p style=\"text-align: justify;\"><img loading=\"lazy\" decoding=\"async\" src=\"images\/Jos_Miguel_subcampeon_vuelta_al_futuro.jpg\" alt=\"\" width=\"750\" height=\"439\" \/><\/p>\n<p style=\"text-align: justify;\">En un recorrido de 52 kil\u00f3metros, Jos\u00e9 Miguel sobresali\u00f3 con su resistencia, capacidad y concentraci\u00f3n, y se subi\u00f3 al podio como ganador de la etapa reina de la Vuelta Nacional al Futuro, triunfo que le vali\u00f3 para ascender hasta el segundo lugar de la clasificaci\u00f3n general y al final consagrarse como subcampe\u00f3n de esta importante carrera.<\/p>\n<p style=\"text-align: justify;\">Gracias a su rendimiento, Jos\u00e9 Miguel se destac\u00f3 tambi\u00e9n a lo largo de la competici\u00f3n en otros aspectos de la clasificaci\u00f3n. Fue segundo en la clasificaci\u00f3n por puntos, tercero en la por equipos, cuarto en la de monta\u00f1a y quinto en la contrarreloj individual.<\/p>\n<p style=\"text-align: justify;\">Como no pod\u00eda ser de otra manera, la hist\u00f3rica actuaci\u00f3n de Jos\u00e9 Miguel Aristiz\u00e1bal Tob\u00f3n en la versi\u00f3n 34 de la Vuelta Nacional al Futuro se convierte en el orgullo y la celebraci\u00f3n de todo un pueblo, y por eso este 4 de diciembre, la institucionalidad y la comunidad en general se sumaron para \u00a0acompa\u00f1arlo en un recorrido por las principales calles del municipio exhibiendo su trofeo de subcampe\u00f3n, esto como un acto de reconocimiento a la gesta del joven deportista.<\/p>\n","protected":false},"excerpt":{"rendered":"<p style=\"text-align: justify;\">Con toda la ilusi\u00f3n arranc\u00f3 el camino de Jos\u00e9 Miguel Aristiz\u00e1bal Tob\u00f3n en la Vuelta Nacional al Futuro 2023, pues a lo largo de todo el a\u00f1o se prepar\u00f3 de la mejor manera con sus entrenamientos y adem\u00e1s logr\u00f3 destacarse en varias actividades cicl\u00edsticas del nivel departamental, lo que le daba una motivaci\u00f3n extra para llegar a demostrar su capacidad en la carrera m\u00e1s importante que se realiza en el pa\u00eds para ciclistas de su categor\u00eda.<\/p>\n","protected":false},"author":1,"featured_media":0,"comment_status":"open","ping_status":"open","sticky":false,"template":"","format":"standard","meta":{"footnotes":""},"categories":[19],"tags":[],"class_list":["post-744","post","type-post","status-publish","format-standard","hentry","category-noticias"],"_links":{"self":[{"href":"https:\/\/www.desdegranada.com\/site\/index.php?rest_route=\/wp\/v2\/posts\/744","targetHints":{"allow":["GET"]}}],"collection":[{"href":"https:\/\/www.desdegranada.com\/site\/index.php?rest_route=\/wp\/v2\/posts"}],"about":[{"href":"https:\/\/www.desdegranada.com\/site\/index.php?rest_route=\/wp\/v2\/types\/post"}],"author":[{"embeddable":true,"href":"https:\/\/www.desdegranada.com\/site\/index.php?rest_route=\/wp\/v2\/users\/1"}],"replies":[{"embeddable":true,"href":"https:\/\/www.desdegranada.com\/site\/index.php?rest_route=%2Fwp%2Fv2%2Fcomments&post=744"}],"version-history":[{"count":0,"href":"https:\/\/www.desdegranada.com\/site\/index.php?rest_route=\/wp\/v2\/posts\/744\/revisions"}],"wp:attachment":[{"href":"https:\/\/www.desdegranada.com\/site\/index.php?rest_route=%2Fwp%2Fv2%2Fmedia&parent=744"}],"wp:term":[{"taxonomy":"category","embeddable":true,"href":"https:\/\/www.desdegranada.com\/site\/index.php?rest_route=%2Fwp%2Fv2%2Fcategories&post=744"},{"taxonomy":"post_tag","embeddable":true,"href":"https:\/\/www.desdegranada.com\/site\/index.php?rest_route=%2Fwp%2Fv2%2Ftags&post=744"}],"curies":[{"name":"wp","href":"https:\/\/api.w.org\/{rel}","templated":true}]}}