{"id":75,"date":"2019-07-24T14:37:18","date_gmt":"2019-07-24T14:37:18","guid":{"rendered":"https:\/\/www.desdegranada.com\/site\/?p=75"},"modified":"2019-07-24T14:37:18","modified_gmt":"2019-07-24T14:37:18","slug":"el-granadino-detras-de-la-marca-memo-producciones","status":"publish","type":"post","link":"https:\/\/www.desdegranada.com\/site\/?p=75","title":{"rendered":"El granadino detr\u00e1s de la marca \u2018Memo Producciones\u2019"},"content":{"rendered":"<p style=\"text-align: justify;\">Por: Faiber Salazar.<\/p>\n<p style=\"text-align: justify;\"><strong><em><img loading=\"lazy\" decoding=\"async\" src=\"images\/Memo_Producciones_2.jpg\" alt=\"\" width=\"744\" height=\"435\" \/><\/em><\/strong><\/p>\n<p style=\"text-align: justify;\"><strong><em>Ra\u00edces y familia<\/em><\/strong><\/p>\n<p style=\"text-align: justify;\">\u201cMi familia, todos somos de Granada, Antioquia. De una vereda que se llama El Carmelo, a 5 minuticos, pero pr\u00e1cticamente todo el tiempo lo vivimos fue en Granada\u201d. As\u00ed empieza Guillermo G\u00f3mez a describir su vida en el municipio, donde naci\u00f3 y fue criado por sus padres junto a sus tres hermanos, otro hombre y dos mujeres.<\/p>\n<p style=\"text-align: justify;\">Reside en Medell\u00edn desde hace 21 a\u00f1os, todos ellos dedicado al comercio. Su salida de Granada se dio por causa del conflicto; junto a su familia, lo hicieron buscando salvaguardar sus vidas y ya en la ciudad, como buenos habitantes de pueblo, empezaron a buscar alternativas para subsistir pasando por muchas situaciones dif\u00edciles.<\/p>\n<p style=\"text-align: justify;\">\u201cEn el momento de tanta violencia y tanta vaina, decidimos partir al municipio de Medell\u00edn. Empezamos de nuevo. Muy duro el empezar cuando llegamos ac\u00e1, nos toc\u00f3 trabajar en la calle, vender frutas en carretas, vender ropa y ah\u00ed vamos superando las cosas\u201d.<\/p>\n<p style=\"text-align: justify;\">Milena, su hermana y Daniel, su hijo, describen a Guillermo como un hombre entregado a su familia y dedicado en el trabajo. \u201cSiempre nos acompa\u00f1a en los momentos buenos y malos\u201d, expresa Daniel; mientras que su hermana, resalta en \u00e9l valores como su rectitud y seriedad, \u201cuna persona trabajadora y un excelente ser humano\u201d, manifiesta.<\/p>\n<p style=\"text-align: justify;\">Todas esas caracter\u00edsticas que tanto hijo como hermana destacan en G\u00f3mez, son gracias a la formaci\u00f3n que recibi\u00f3 de sus padres.<\/p>\n<p style=\"text-align: justify;\">\u201cMuy orgulloso de mi mam\u00e1, de mi pap\u00e1, porque siempre nos aconsejaron bien y nos ense\u00f1aron c\u00f3mo hay que vivir y c\u00f3mo hay que hacer las cosas para que todo salga bien. \u00bfMi hijo? Mi hijo es lo m\u00e1s hermoso que yo tengo en la vida. Ese muchacho es inteligente, un ejemplo a seguir en el colegio, como persona vale demasiado y muy orgulloso de tener el hijo que tengo\u201d.<\/p>\n<p style=\"text-align: justify;\"><strong><em>\u00bfC\u00f3mo lleg\u00f3 al mundo de la m\u00fasica?<\/em><\/strong><\/p>\n<p style=\"text-align: justify;\">Despu\u00e9s de varios fracasos en el comercio se acerc\u00f3 a la m\u00fasica a trav\u00e9s de la venta de cds, tambi\u00e9n en la calle. \u201cEmpec\u00e9 a vender ropa al por mayor en todo el pa\u00eds. Le vend\u00edamos a los almacenes, a todo mundo y hubo una \u00e9poca de mucha crisis en Colombia y nos quebramos\u201d.<\/p>\n<p style=\"text-align: justify;\">Pero a pesar de las dificultades, Memo como es conocido, no se dio por vencido y apost\u00f3 por intentarlo una vez m\u00e1s: \u201cLlegu\u00e9 a la calle a vender cds piratas, entonces empezamos a movernos con el cuento. Llegaron artistas a decirnos que los meti\u00e9ramos en esos cds piratas, que empez\u00e1ramos a mostrarlos ah\u00ed y empezamos con la empresa de redes sociales. Nos fuimos metiendo en la pel\u00edcula y hoy por hoy tenemos una empresa constituida para promoci\u00f3n de artistas tanto de radio, televisi\u00f3n, prensa y redes sociales\u201d.<\/p>\n<p style=\"text-align: justify;\"><img loading=\"lazy\" decoding=\"async\" src=\"images\/Memo_Producciones_1.jpg\" alt=\"\" width=\"744\" height=\"435\" \/><\/p>\n<p style=\"text-align: justify;\"><strong><em>De \u2018Memo cds\u2019 a \u2018Memo Producciones\u2019:<\/em><\/strong><\/p>\n<p style=\"text-align: justify;\">Los cambios no se han dado solo en su vida. Memo sabe que todo evoluciona y as\u00ed como del pueblo lleg\u00f3 a la ciudad; y como de vender frutas, ropa y cds en las calles pas\u00f3 a constituir su propia empresa; quiso darle un retoque a ese nombre con el que era conocido en las calles de Medell\u00edn.<\/p>\n<p style=\"text-align: justify;\">\u201cCuando trabaj\u00e1bamos en la calle con los cds y todo el cuento, me dec\u00edan Memo cds. Entonces empezamos con lo de las redes y pensamos\u2026 Ehhh, Memo cds, noo, pong\u00e1monos Memo Producciones y empez\u00f3 el nombre a rodar, empezamos a hacer cositas y ya todo el mundo a nivel nacional e internacional nos conoce es por Memo Producciones.<\/p>\n<p style=\"text-align: justify;\">Hemos tenido una buena participaci\u00f3n en la carrera de <strong><em>Yeison Jim\u00e9nez, Francy \u2018La Voz Popular de Am\u00e9rica\u2019, Arelys Henao<\/em><\/strong>; hemos trabajado con <strong><em>Luis Alberto Posada, El Charrito Negro<\/em><\/strong>, hemos tenido una amplia cobertura de artistas. Es un orgullo cuando un artista llega a buscarnos porque nos dice: hombre, es que lo que pasa es que hemos visto el trabajo que usted hizo con Fulano, con Perano, en el caso de artistas muy reconocidos y nos ha gustado mucho, entonces queremos que usted trabaje nuestro producto.\u201d<\/p>\n<p style=\"text-align: justify;\">En el crecimiento y consolidaci\u00f3n de su empresa Memo Producciones, resalta el papel de su familia que ha sido siempre muy unida: \u201cpoco a poco nos hemos ido apoyando y ah\u00ed estamos. Paso a paso hemos salido adelante. Somos cuatro hermanos y siempre hemos estado ah\u00ed de la mano, inclusive casi todos trabajan en la empresa, Milena, Gloria\u2026 Carlos si es muy ajeno al tema de Memo Producciones, pero siempre hemos estado ah\u00ed\u201d.<\/p>\n<p style=\"text-align: justify;\"><strong><em><img loading=\"lazy\" decoding=\"async\" src=\"images\/Memo_Producciones_3.jpg\" alt=\"\" width=\"744\" height=\"435\" \/><\/em><\/strong><\/p>\n<p style=\"text-align: justify;\"><strong><em>Sue\u00f1os y proyectos:<\/em><\/strong><\/p>\n<p style=\"text-align: justify;\">\u201cHacemos el trabajo por un lado porque es el medio de sobrevivir, pero aparte de eso lo hacemos porque nos gusta y vamos muy firmes. Todo lo que hacemos, gracias a Dios, le hemos puesto el coraz\u00f3n y siempre hemos hecho ganadores los productos de la empresa.<\/p>\n<p style=\"text-align: justify;\">El sue\u00f1o de nosotros es ser los mejores. Hasta ahora hemos dejado una huella en Colombia y en mucha parte del mundo y la idea es llegar a ser los mejores siempre. No por orgullo, sino por la satisfacci\u00f3n de hacer las cosas bien, de que la gente diga que con Memo Producciones se puede trabajar como es, el hombre es correcto, sabe hacer las cosas, las hace con pasi\u00f3n y tambi\u00e9n tener la familia unida, siempre tener la familia en primer plano.<\/p>\n<p style=\"text-align: justify;\"><strong><em>\u00bfQu\u00e9 significa ser granadino?<\/em><\/strong><\/p>\n<p style=\"text-align: justify;\">\u201cSer granadino es un orgullo. Porque donde usted va en Colombia, el granadino siempre tiene la frente en alto como trabajador, como emprendedor, como buena persona, como una persona que le gusta ayudar a los dem\u00e1s y que siempre, siempre tiene la frente hacia arriba\u201d.<\/p>\n<p style=\"text-align: justify;\">Pese a su recorrido, el \u00e9xito que viene teniendo su empresa y los logros que ha alcanzado junto a diferentes artistas, Guillermo G\u00f3mez &#8211; Memo Producciones, no se olvida de la tierra que lo vio nacer, trata de sacar tiempo para compartir con familia y amigos y no pierde su humildad esa que desde ni\u00f1o le inculcaron sus padres cuando no se mov\u00eda entre artistas sino en las calles de Granada.<\/p>\n<p>\u00a0<\/p>\n","protected":false},"excerpt":{"rendered":"<p style=\"text-align: justify;\">Muchos solo lo conocen hoy cuando es un empresario consolidado en la promoci\u00f3n de artistas y manejo de redes sociales\u2026 pero no todos saben de su origen humilde en el municipio de Granada y de las adversidades que afront\u00f3 con su familia para ser quien es hoy.<\/p>\n","protected":false},"author":1,"featured_media":0,"comment_status":"open","ping_status":"open","sticky":false,"template":"","format":"standard","meta":{"footnotes":""},"categories":[20],"tags":[],"class_list":["post-75","post","type-post","status-publish","format-standard","hentry","category-columnistas"],"_links":{"self":[{"href":"https:\/\/www.desdegranada.com\/site\/index.php?rest_route=\/wp\/v2\/posts\/75","targetHints":{"allow":["GET"]}}],"collection":[{"href":"https:\/\/www.desdegranada.com\/site\/index.php?rest_route=\/wp\/v2\/posts"}],"about":[{"href":"https:\/\/www.desdegranada.com\/site\/index.php?rest_route=\/wp\/v2\/types\/post"}],"author":[{"embeddable":true,"href":"https:\/\/www.desdegranada.com\/site\/index.php?rest_route=\/wp\/v2\/users\/1"}],"replies":[{"embeddable":true,"href":"https:\/\/www.desdegranada.com\/site\/index.php?rest_route=%2Fwp%2Fv2%2Fcomments&post=75"}],"version-history":[{"count":0,"href":"https:\/\/www.desdegranada.com\/site\/index.php?rest_route=\/wp\/v2\/posts\/75\/revisions"}],"wp:attachment":[{"href":"https:\/\/www.desdegranada.com\/site\/index.php?rest_route=%2Fwp%2Fv2%2Fmedia&parent=75"}],"wp:term":[{"taxonomy":"category","embeddable":true,"href":"https:\/\/www.desdegranada.com\/site\/index.php?rest_route=%2Fwp%2Fv2%2Fcategories&post=75"},{"taxonomy":"post_tag","embeddable":true,"href":"https:\/\/www.desdegranada.com\/site\/index.php?rest_route=%2Fwp%2Fv2%2Ftags&post=75"}],"curies":[{"name":"wp","href":"https:\/\/api.w.org\/{rel}","templated":true}]}}